{"id":11679,"date":"2025-03-12T10:21:17","date_gmt":"2025-03-12T09:21:17","guid":{"rendered":"https:\/\/www.abm-tecna.be\/?p=11679"},"modified":"2025-03-12T10:21:17","modified_gmt":"2025-03-12T09:21:17","slug":"stockage-longue-duree-pour-les-ensembles-produits-ou-repares","status":"publish","type":"post","link":"https:\/\/www.abm-tecna.be\/fr\/stockage-longue-duree-pour-les-ensembles-produits-ou-repares\/","title":{"rendered":"Stockage Longue Dur\u00e9e pour les ensembles produits ou r\u00e9par\u00e9s"},"content":{"rendered":"[vc_row type=\u00a0\u00bbin_container\u00a0\u00bb full_screen_row_position=\u00a0\u00bbmiddle\u00a0\u00bb column_margin=\u00a0\u00bbdefault\u00a0\u00bb column_direction=\u00a0\u00bbdefault\u00a0\u00bb column_direction_tablet=\u00a0\u00bbdefault\u00a0\u00bb column_direction_phone=\u00a0\u00bbdefault\u00a0\u00bb scene_position=\u00a0\u00bbcenter\u00a0\u00bb text_color=\u00a0\u00bbdark\u00a0\u00bb text_align=\u00a0\u00bbleft\u00a0\u00bb row_border_radius=\u00a0\u00bbnone\u00a0\u00bb row_border_radius_applies=\u00a0\u00bbbg\u00a0\u00bb overflow=\u00a0\u00bbvisible\u00a0\u00bb overlay_strength=\u00a0\u00bb0.3&Prime; gradient_direction=\u00a0\u00bbleft_to_right\u00a0\u00bb shape_divider_position=\u00a0\u00bbbottom\u00a0\u00bb bg_image_animation=\u00a0\u00bbnone\u00a0\u00bb][vc_column column_padding=\u00a0\u00bbno-extra-padding\u00a0\u00bb column_padding_tablet=\u00a0\u00bbinherit\u00a0\u00bb column_padding_phone=\u00a0\u00bbinherit\u00a0\u00bb column_padding_position=\u00a0\u00bball\u00a0\u00bb column_element_direction_desktop=\u00a0\u00bbdefault\u00a0\u00bb column_element_spacing=\u00a0\u00bbdefault\u00a0\u00bb desktop_text_alignment=\u00a0\u00bbdefault\u00a0\u00bb tablet_text_alignment=\u00a0\u00bbdefault\u00a0\u00bb phone_text_alignment=\u00a0\u00bbdefault\u00a0\u00bb background_color_opacity=\u00a0\u00bb1&Prime; background_hover_color_opacity=\u00a0\u00bb1&Prime; column_backdrop_filter=\u00a0\u00bbnone\u00a0\u00bb column_shadow=\u00a0\u00bbnone\u00a0\u00bb column_border_radius=\u00a0\u00bbnone\u00a0\u00bb column_link_target=\u00a0\u00bb_self\u00a0\u00bb column_position=\u00a0\u00bbdefault\u00a0\u00bb gradient_direction=\u00a0\u00bbleft_to_right\u00a0\u00bb overlay_strength=\u00a0\u00bb0.3&Prime; width=\u00a0\u00bb1\/1&Prime; tablet_width_inherit=\u00a0\u00bbdefault\u00a0\u00bb animation_type=\u00a0\u00bbdefault\u00a0\u00bb bg_image_animation=\u00a0\u00bbnone\u00a0\u00bb border_type=\u00a0\u00bbsimple\u00a0\u00bb column_border_width=\u00a0\u00bbnone\u00a0\u00bb column_border_style=\u00a0\u00bbsolid\u00a0\u00bb][vc_column_text css=\u00a0\u00bb\u00a0\u00bb text_direction=\u00a0\u00bbdefault\u00a0\u00bb]\n<h3><strong>Nos ateliers peuvent produire des emballages pour le Stockage Longue Dur\u00e9e des ensembles produits ou r\u00e9par\u00e9s <\/strong><\/h3>\n<p>Dans le secteur industriel, le choix d&rsquo;un emballage adapt\u00e9 pour le stockage longue dur\u00e9e est crucial pour garantir la qualit\u00e9 et la s\u00e9curit\u00e9 des produits.[\/vc_column_text][\/vc_column][\/vc_row][vc_row type=\u00a0\u00bbin_container\u00a0\u00bb full_screen_row_position=\u00a0\u00bbmiddle\u00a0\u00bb column_margin=\u00a0\u00bbdefault\u00a0\u00bb column_direction=\u00a0\u00bbdefault\u00a0\u00bb column_direction_tablet=\u00a0\u00bbdefault\u00a0\u00bb column_direction_phone=\u00a0\u00bbdefault\u00a0\u00bb scene_position=\u00a0\u00bbcenter\u00a0\u00bb text_color=\u00a0\u00bbdark\u00a0\u00bb text_align=\u00a0\u00bbleft\u00a0\u00bb row_border_radius=\u00a0\u00bbnone\u00a0\u00bb row_border_radius_applies=\u00a0\u00bbbg\u00a0\u00bb overflow=\u00a0\u00bbvisible\u00a0\u00bb overlay_strength=\u00a0\u00bb0.3&Prime; gradient_direction=\u00a0\u00bbleft_to_right\u00a0\u00bb shape_divider_position=\u00a0\u00bbbottom\u00a0\u00bb bg_image_animation=\u00a0\u00bbnone\u00a0\u00bb][vc_column column_padding=\u00a0\u00bbno-extra-padding\u00a0\u00bb column_padding_tablet=\u00a0\u00bbinherit\u00a0\u00bb column_padding_phone=\u00a0\u00bbinherit\u00a0\u00bb column_padding_position=\u00a0\u00bball\u00a0\u00bb column_element_direction_desktop=\u00a0\u00bbdefault\u00a0\u00bb column_element_spacing=\u00a0\u00bbdefault\u00a0\u00bb desktop_text_alignment=\u00a0\u00bbdefault\u00a0\u00bb tablet_text_alignment=\u00a0\u00bbdefault\u00a0\u00bb phone_text_alignment=\u00a0\u00bbdefault\u00a0\u00bb background_color_opacity=\u00a0\u00bb1&Prime; background_hover_color_opacity=\u00a0\u00bb1&Prime; column_backdrop_filter=\u00a0\u00bbnone\u00a0\u00bb column_shadow=\u00a0\u00bbnone\u00a0\u00bb column_border_radius=\u00a0\u00bbnone\u00a0\u00bb column_link_target=\u00a0\u00bb_self\u00a0\u00bb column_position=\u00a0\u00bbdefault\u00a0\u00bb gradient_direction=\u00a0\u00bbleft_to_right\u00a0\u00bb overlay_strength=\u00a0\u00bb0.3&Prime; width=\u00a0\u00bb2\/3&Prime; tablet_width_inherit=\u00a0\u00bbdefault\u00a0\u00bb animation_type=\u00a0\u00bbdefault\u00a0\u00bb bg_image_animation=\u00a0\u00bbnone\u00a0\u00bb border_type=\u00a0\u00bbsimple\u00a0\u00bb column_border_width=\u00a0\u00bbnone\u00a0\u00bb column_border_style=\u00a0\u00bbsolid\u00a0\u00bb][vc_column_text css=\u00a0\u00bb\u00a0\u00bb text_direction=\u00a0\u00bbdefault\u00a0\u00bb]Voici quelques raisons pour lesquelles nous proposons ce service \u00e0 notre client\u00e8le\u00a0:<\/p>\n<ol>\n<li><strong>Protection contre les \u00e9l\u00e9ments ext\u00e9rieurs<\/strong>\u00a0: Un bon emballage et adapt\u00e9 \u00e0 la taille du mat\u00e9riel \u00e0 stocker prot\u00e8ge contre l&rsquo;humidit\u00e9, la poussi\u00e8re, les variations de temp\u00e9rature et autres facteurs environnementaux qui pourraient les endommager.<\/li>\n<li><strong>Pr\u00e9vention des dommages physiques<\/strong>\u00a0: Ces emballages robustes et bien con\u00e7us (comme vous pouvez le voir sur notre photo) r\u00e9duisent les risques de chocs, de vibrations et de compressions, assurant ainsi l&rsquo;int\u00e9grit\u00e9 des produits pendant le stockage et le transport.<\/li>\n<li><strong>S\u00e9curit\u00e9 et conformit\u00e9<\/strong>\u00a0: Les emballages con\u00e7us pour le stockage longue dur\u00e9e respectent souvent des normes strictes de s\u00e9curit\u00e9 et de conformit\u00e9 (demand\u00e9es par le client), garantissant que les produits restent en bon \u00e9tat et sont conformes aux r\u00e9glementations en vigueur.<\/li>\n<li><strong>Optimisation de l&rsquo;espace<\/strong>\u00a0: Nos solutions d&#8217;emballage efficaces permettent une utilisation optimale de l&rsquo;espace de stockage, r\u00e9duisant les co\u00fbts et am\u00e9liorant l&rsquo;efficacit\u00e9 logistique.<\/li>\n<li><strong>Tra\u00e7abilit\u00e9 et gestion des stocks<\/strong>\u00a0: A la demande du client nos emballages peuvent int\u00e9grer des technologies de tra\u00e7abilit\u00e9, comme les codes-barres et les puces RFID, facilitant la gestion des stocks et le suivi des produits.<\/li>\n<\/ol>\n[\/vc_column_text][\/vc_column][vc_column column_padding=\u00a0\u00bbno-extra-padding\u00a0\u00bb column_padding_tablet=\u00a0\u00bbinherit\u00a0\u00bb column_padding_phone=\u00a0\u00bbinherit\u00a0\u00bb column_padding_position=\u00a0\u00bball\u00a0\u00bb column_element_direction_desktop=\u00a0\u00bbdefault\u00a0\u00bb column_element_spacing=\u00a0\u00bbdefault\u00a0\u00bb desktop_text_alignment=\u00a0\u00bbdefault\u00a0\u00bb tablet_text_alignment=\u00a0\u00bbdefault\u00a0\u00bb phone_text_alignment=\u00a0\u00bbdefault\u00a0\u00bb background_color_opacity=\u00a0\u00bb1&Prime; background_hover_color_opacity=\u00a0\u00bb1&Prime; column_backdrop_filter=\u00a0\u00bbnone\u00a0\u00bb column_shadow=\u00a0\u00bbnone\u00a0\u00bb column_border_radius=\u00a0\u00bbnone\u00a0\u00bb column_link_target=\u00a0\u00bb_self\u00a0\u00bb column_position=\u00a0\u00bbdefault\u00a0\u00bb gradient_direction=\u00a0\u00bbleft_to_right\u00a0\u00bb overlay_strength=\u00a0\u00bb0.3&Prime; width=\u00a0\u00bb1\/3&Prime; tablet_width_inherit=\u00a0\u00bbdefault\u00a0\u00bb animation_type=\u00a0\u00bbdefault\u00a0\u00bb bg_image_animation=\u00a0\u00bbnone\u00a0\u00bb border_type=\u00a0\u00bbsimple\u00a0\u00bb column_border_width=\u00a0\u00bbnone\u00a0\u00bb column_border_style=\u00a0\u00bbsolid\u00a0\u00bb][image_with_animation image_url=\u00a0\u00bb11680&Prime; image_size=\u00a0\u00bbfull\u00a0\u00bb animation_type=\u00a0\u00bbentrance\u00a0\u00bb animation=\u00a0\u00bbNone\u00a0\u00bb animation_movement_type=\u00a0\u00bbtransform_y\u00a0\u00bb hover_animation=\u00a0\u00bbnone\u00a0\u00bb alignment=\u00a0\u00bb\u00a0\u00bb border_radius=\u00a0\u00bbnone\u00a0\u00bb box_shadow=\u00a0\u00bbnone\u00a0\u00bb image_loading=\u00a0\u00bbdefault\u00a0\u00bb max_width=\u00a0\u00bb100%\u00a0\u00bb max_width_mobile=\u00a0\u00bbdefault\u00a0\u00bb][\/vc_column][\/vc_row][vc_row type=\u00a0\u00bbin_container\u00a0\u00bb full_screen_row_position=\u00a0\u00bbmiddle\u00a0\u00bb column_margin=\u00a0\u00bbdefault\u00a0\u00bb column_direction=\u00a0\u00bbdefault\u00a0\u00bb column_direction_tablet=\u00a0\u00bbdefault\u00a0\u00bb column_direction_phone=\u00a0\u00bbdefault\u00a0\u00bb scene_position=\u00a0\u00bbcenter\u00a0\u00bb text_color=\u00a0\u00bbdark\u00a0\u00bb text_align=\u00a0\u00bbleft\u00a0\u00bb row_border_radius=\u00a0\u00bbnone\u00a0\u00bb row_border_radius_applies=\u00a0\u00bbbg\u00a0\u00bb overflow=\u00a0\u00bbvisible\u00a0\u00bb overlay_strength=\u00a0\u00bb0.3&Prime; gradient_direction=\u00a0\u00bbleft_to_right\u00a0\u00bb shape_divider_position=\u00a0\u00bbbottom\u00a0\u00bb bg_image_animation=\u00a0\u00bbnone\u00a0\u00bb][vc_column column_padding=\u00a0\u00bbno-extra-padding\u00a0\u00bb column_padding_tablet=\u00a0\u00bbinherit\u00a0\u00bb column_padding_phone=\u00a0\u00bbinherit\u00a0\u00bb column_padding_position=\u00a0\u00bball\u00a0\u00bb column_element_direction_desktop=\u00a0\u00bbdefault\u00a0\u00bb column_element_spacing=\u00a0\u00bbdefault\u00a0\u00bb desktop_text_alignment=\u00a0\u00bbdefault\u00a0\u00bb tablet_text_alignment=\u00a0\u00bbdefault\u00a0\u00bb phone_text_alignment=\u00a0\u00bbdefault\u00a0\u00bb background_color_opacity=\u00a0\u00bb1&Prime; background_hover_color_opacity=\u00a0\u00bb1&Prime; column_backdrop_filter=\u00a0\u00bbnone\u00a0\u00bb column_shadow=\u00a0\u00bbnone\u00a0\u00bb column_border_radius=\u00a0\u00bbnone\u00a0\u00bb column_link_target=\u00a0\u00bb_self\u00a0\u00bb column_position=\u00a0\u00bbdefault\u00a0\u00bb gradient_direction=\u00a0\u00bbleft_to_right\u00a0\u00bb overlay_strength=\u00a0\u00bb0.3&Prime; width=\u00a0\u00bb1\/1&Prime; tablet_width_inherit=\u00a0\u00bbdefault\u00a0\u00bb animation_type=\u00a0\u00bbdefault\u00a0\u00bb bg_image_animation=\u00a0\u00bbnone\u00a0\u00bb border_type=\u00a0\u00bbsimple\u00a0\u00bb column_border_width=\u00a0\u00bbnone\u00a0\u00bb column_border_style=\u00a0\u00bbsolid\u00a0\u00bb][vc_column_text css=\u00a0\u00bb\u00a0\u00bb text_direction=\u00a0\u00bbdefault\u00a0\u00bb]\n<h3>Vous souhaitez que votre appareil r\u00e9par\u00e9 ou nouveau soit trait\u00e9 pour un stockage longue dur\u00e9e&#8230;<\/h3>\n[\/vc_column_text][nectar_btn size=\u00a0\u00bblarge\u00a0\u00bb button_style=\u00a0\u00bbregular\u00a0\u00bb button_color_2=\u00a0\u00bbextra-color-gradient-2&Prime; icon_family=\u00a0\u00bbfontawesome\u00a0\u00bb url=\u00a0\u00bbmailto:commercial@abm-tecna.be?subject=Pouvez-vous%20me contacter pour int\u00e9grer un conditionnement longue dur\u00e9e au m\u00e9t\u00e9riel \u00e0 r\u00e9parer\u00a0\u00bb text=\u00a0\u00bbPrendre contact avec le support technique\u00a0\u00bb icon_fontawesome=\u00a0\u00bbfa fa-envelope\u00a0\u00bb css_animation=\u00a0\u00bbpulse\u00a0\u00bb][\/vc_column][\/vc_row]\n","protected":false},"excerpt":{"rendered":"<p>[vc_row type=\u00a0\u00bbin_container\u00a0\u00bb full_screen_row_position=\u00a0\u00bbmiddle\u00a0\u00bb column_margin=\u00a0\u00bbdefault\u00a0\u00bb column_direction=\u00a0\u00bbdefault\u00a0\u00bb column_direction_tablet=\u00a0\u00bbdefault\u00a0\u00bb column_direction_phone=\u00a0\u00bbdefault\u00a0\u00bb scene_position=\u00a0\u00bbcenter\u00a0\u00bb text_color=\u00a0\u00bbdark\u00a0\u00bb text_align=\u00a0\u00bbleft\u00a0\u00bb row_border_radius=\u00a0\u00bbnone\u00a0\u00bb row_border_radius_applies=\u00a0\u00bbbg\u00a0\u00bb overflow=\u00a0\u00bbvisible\u00a0\u00bb overlay_strength=\u00a0\u00bb0.3&Prime; gradient_direction=\u00a0\u00bbleft_to_right\u00a0\u00bb shape_divider_position=\u00a0\u00bbbottom\u00a0\u00bb bg_image_animation=\u00a0\u00bbnone\u00a0\u00bb][vc_column column_padding=\u00a0\u00bbno-extra-padding\u00a0\u00bb column_padding_tablet=\u00a0\u00bbinherit\u00a0\u00bb column_padding_phone=\u00a0\u00bbinherit\u00a0\u00bb column_padding_position=\u00a0\u00bball\u00a0\u00bb column_element_direction_desktop=\u00a0\u00bbdefault\u00a0\u00bb column_element_spacing=\u00a0\u00bbdefault\u00a0\u00bb desktop_text_alignment=\u00a0\u00bbdefault\u00a0\u00bb tablet_text_alignment=\u00a0\u00bbdefault\u00a0\u00bb phone_text_alignment=\u00a0\u00bbdefault\u00a0\u00bb background_color_opacity=\u00a0\u00bb1&Prime; background_hover_color_opacity=\u00a0\u00bb1&Prime; column_backdrop_filter=\u00a0\u00bbnone\u00a0\u00bb column_shadow=\u00a0\u00bbnone\u00a0\u00bb&#8230;<\/p>\n","protected":false},"author":3,"featured_media":11680,"comment_status":"closed","ping_status":"open","sticky":false,"template":"","format":"standard","meta":{"footnotes":""},"categories":[131],"tags":[],"class_list":{"0":"post-11679","1":"post","2":"type-post","3":"status-publish","4":"format-standard","5":"has-post-thumbnail","7":"category-actualites"},"yoast_head":"<!-- This site is optimized with the Yoast SEO plugin v27.2 - https:\/\/yoast.com\/product\/yoast-seo-wordpress\/ -->\n<title>Stockage Longue Dur\u00e9e pour les ensembles produits ou r\u00e9par\u00e9s - ABM TECNA<\/title>\n<meta name=\"description\" content=\"ABM-TECNA | Nos ateliers peuvent produire des emballages pour le Stockage Longue Dur\u00e9e des ensembles produits ou r\u00e9par\u00e9s\" \/>\n<meta name=\"robots\" content=\"noindex, follow\" \/>\n<meta property=\"og:locale\" content=\"fr_FR\" \/>\n<meta property=\"og:type\" content=\"article\" \/>\n<meta property=\"og:title\" content=\"Stockage Longue Dur\u00e9e pour les ensembles produits ou r\u00e9par\u00e9s - ABM TECNA\" \/>\n<meta property=\"og:description\" content=\"ABM-TECNA | Nos ateliers peuvent produire des emballages pour le Stockage Longue Dur\u00e9e des ensembles produits ou r\u00e9par\u00e9s\" \/>\n<meta property=\"og:url\" content=\"https:\/\/www.abm-tecna.be\/fr\/stockage-longue-duree-pour-les-ensembles-produits-ou-repares\/\" \/>\n<meta property=\"og:site_name\" content=\"ABM TECNA\" \/>\n<meta property=\"article:published_time\" content=\"2025-03-12T09:21:17+00:00\" \/>\n<meta property=\"og:image\" content=\"https:\/\/www.abm-tecna.be\/wp-content\/uploads\/2025\/03\/stockage-longue-dureeabtc-scaled.jpg\" \/>\n\t<meta property=\"og:image:width\" content=\"2560\" \/>\n\t<meta property=\"og:image:height\" content=\"2560\" \/>\n\t<meta property=\"og:image:type\" content=\"image\/jpeg\" \/>\n<meta name=\"author\" content=\"Didier Charton\" \/>\n<meta name=\"twitter:card\" content=\"summary_large_image\" \/>\n<meta name=\"twitter:creator\" content=\"@ABM_TECNA\" \/>\n<meta name=\"twitter:site\" content=\"@ABM_TECNA\" \/>\n<meta name=\"twitter:label1\" content=\"\u00c9crit par\" \/>\n\t<meta name=\"twitter:data1\" content=\"Didier Charton\" \/>\n\t<meta name=\"twitter:label2\" content=\"Dur\u00e9e de lecture estim\u00e9e\" \/>\n\t<meta name=\"twitter:data2\" content=\"2 minutes\" \/>\n<script type=\"application\/ld+json\" class=\"yoast-schema-graph\">{\"@context\":\"https:\/\/schema.org\",\"@graph\":[{\"@type\":\"Article\",\"@id\":\"https:\/\/www.abm-tecna.be\/fr\/stockage-longue-duree-pour-les-ensembles-produits-ou-repares\/#article\",\"isPartOf\":{\"@id\":\"https:\/\/www.abm-tecna.be\/fr\/stockage-longue-duree-pour-les-ensembles-produits-ou-repares\/\"},\"author\":{\"name\":\"Didier Charton\",\"@id\":\"https:\/\/www.abm-tecna.be\/fr\/#\/schema\/person\/a32eb6a4e0a9921500b7478f7471def8\"},\"headline\":\"Stockage Longue Dur\u00e9e pour les ensembles produits ou r\u00e9par\u00e9s\",\"datePublished\":\"2025-03-12T09:21:17+00:00\",\"mainEntityOfPage\":{\"@id\":\"https:\/\/www.abm-tecna.be\/fr\/stockage-longue-duree-pour-les-ensembles-produits-ou-repares\/\"},\"wordCount\":957,\"publisher\":{\"@id\":\"https:\/\/www.abm-tecna.be\/fr\/#organization\"},\"image\":{\"@id\":\"https:\/\/www.abm-tecna.be\/fr\/stockage-longue-duree-pour-les-ensembles-produits-ou-repares\/#primaryimage\"},\"thumbnailUrl\":\"https:\/\/www.abm-tecna.be\/wp-content\/uploads\/2025\/03\/stockage-longue-dureeabtc-scaled.jpg\",\"articleSection\":[\"Actualit\u00e9s\"],\"inLanguage\":\"fr-FR\"},{\"@type\":\"WebPage\",\"@id\":\"https:\/\/www.abm-tecna.be\/fr\/stockage-longue-duree-pour-les-ensembles-produits-ou-repares\/\",\"url\":\"https:\/\/www.abm-tecna.be\/fr\/stockage-longue-duree-pour-les-ensembles-produits-ou-repares\/\",\"name\":\"Stockage Longue Dur\u00e9e pour les ensembles produits ou r\u00e9par\u00e9s - ABM TECNA\",\"isPartOf\":{\"@id\":\"https:\/\/www.abm-tecna.be\/fr\/#website\"},\"primaryImageOfPage\":{\"@id\":\"https:\/\/www.abm-tecna.be\/fr\/stockage-longue-duree-pour-les-ensembles-produits-ou-repares\/#primaryimage\"},\"image\":{\"@id\":\"https:\/\/www.abm-tecna.be\/fr\/stockage-longue-duree-pour-les-ensembles-produits-ou-repares\/#primaryimage\"},\"thumbnailUrl\":\"https:\/\/www.abm-tecna.be\/wp-content\/uploads\/2025\/03\/stockage-longue-dureeabtc-scaled.jpg\",\"datePublished\":\"2025-03-12T09:21:17+00:00\",\"description\":\"ABM-TECNA | Nos ateliers peuvent produire des emballages pour le Stockage Longue Dur\u00e9e des ensembles produits ou r\u00e9par\u00e9s\",\"breadcrumb\":{\"@id\":\"https:\/\/www.abm-tecna.be\/fr\/stockage-longue-duree-pour-les-ensembles-produits-ou-repares\/#breadcrumb\"},\"inLanguage\":\"fr-FR\",\"potentialAction\":[{\"@type\":\"ReadAction\",\"target\":[\"https:\/\/www.abm-tecna.be\/fr\/stockage-longue-duree-pour-les-ensembles-produits-ou-repares\/\"]}]},{\"@type\":\"ImageObject\",\"inLanguage\":\"fr-FR\",\"@id\":\"https:\/\/www.abm-tecna.be\/fr\/stockage-longue-duree-pour-les-ensembles-produits-ou-repares\/#primaryimage\",\"url\":\"https:\/\/www.abm-tecna.be\/wp-content\/uploads\/2025\/03\/stockage-longue-dureeabtc-scaled.jpg\",\"contentUrl\":\"https:\/\/www.abm-tecna.be\/wp-content\/uploads\/2025\/03\/stockage-longue-dureeabtc-scaled.jpg\",\"width\":2560,\"height\":2560,\"caption\":\"Conditionnement longue dur\u00e9e de mat\u00e9riel neuf ou r\u00e9par\u00e9 par ABM-TECNA\"},{\"@type\":\"BreadcrumbList\",\"@id\":\"https:\/\/www.abm-tecna.be\/fr\/stockage-longue-duree-pour-les-ensembles-produits-ou-repares\/#breadcrumb\",\"itemListElement\":[{\"@type\":\"ListItem\",\"position\":1,\"name\":\"Home\",\"item\":\"https:\/\/www.abm-tecna.be\/fr\/\"},{\"@type\":\"ListItem\",\"position\":2,\"name\":\"Stockage Longue Dur\u00e9e pour les ensembles produits ou r\u00e9par\u00e9s\"}]},{\"@type\":\"WebSite\",\"@id\":\"https:\/\/www.abm-tecna.be\/fr\/#website\",\"url\":\"https:\/\/www.abm-tecna.be\/fr\/\",\"name\":\"ABM TECNA\",\"description\":\"La solution Globale\",\"publisher\":{\"@id\":\"https:\/\/www.abm-tecna.be\/fr\/#organization\"},\"potentialAction\":[{\"@type\":\"SearchAction\",\"target\":{\"@type\":\"EntryPoint\",\"urlTemplate\":\"https:\/\/www.abm-tecna.be\/fr\/?s={search_term_string}\"},\"query-input\":{\"@type\":\"PropertyValueSpecification\",\"valueRequired\":true,\"valueName\":\"search_term_string\"}}],\"inLanguage\":\"fr-FR\"},{\"@type\":\"Organization\",\"@id\":\"https:\/\/www.abm-tecna.be\/fr\/#organization\",\"name\":\"ABM TECNA\",\"url\":\"https:\/\/www.abm-tecna.be\/fr\/\",\"logo\":{\"@type\":\"ImageObject\",\"inLanguage\":\"fr-FR\",\"@id\":\"https:\/\/www.abm-tecna.be\/fr\/#\/schema\/logo\/image\/\",\"url\":\"https:\/\/www.abm-tecna.be\/wp-content\/uploads\/2020\/01\/ABMTECNA_favicon.png\",\"contentUrl\":\"https:\/\/www.abm-tecna.be\/wp-content\/uploads\/2020\/01\/ABMTECNA_favicon.png\",\"width\":512,\"height\":512,\"caption\":\"ABM TECNA\"},\"image\":{\"@id\":\"https:\/\/www.abm-tecna.be\/fr\/#\/schema\/logo\/image\/\"},\"sameAs\":[\"https:\/\/x.com\/ABM_TECNA\",\"https:\/\/www.linkedin.com\/company\/abm\/\",\"https:\/\/www.youtube.com\/channel\/UCRJ02jgCyEoiSCooXgzd7Zg\"]},{\"@type\":\"Person\",\"@id\":\"https:\/\/www.abm-tecna.be\/fr\/#\/schema\/person\/a32eb6a4e0a9921500b7478f7471def8\",\"name\":\"Didier Charton\",\"url\":\"https:\/\/www.abm-tecna.be\/fr\/author\/press\/\"}]}<\/script>\n<!-- \/ Yoast SEO plugin. -->","yoast_head_json":{"title":"Stockage Longue Dur\u00e9e pour les ensembles produits ou r\u00e9par\u00e9s - ABM TECNA","description":"ABM-TECNA | Nos ateliers peuvent produire des emballages pour le Stockage Longue Dur\u00e9e des ensembles produits ou r\u00e9par\u00e9s","robots":{"index":"noindex","follow":"follow"},"og_locale":"fr_FR","og_type":"article","og_title":"Stockage Longue Dur\u00e9e pour les ensembles produits ou r\u00e9par\u00e9s - ABM TECNA","og_description":"ABM-TECNA | Nos ateliers peuvent produire des emballages pour le Stockage Longue Dur\u00e9e des ensembles produits ou r\u00e9par\u00e9s","og_url":"https:\/\/www.abm-tecna.be\/fr\/stockage-longue-duree-pour-les-ensembles-produits-ou-repares\/","og_site_name":"ABM TECNA","article_published_time":"2025-03-12T09:21:17+00:00","og_image":[{"width":2560,"height":2560,"url":"https:\/\/www.abm-tecna.be\/wp-content\/uploads\/2025\/03\/stockage-longue-dureeabtc-scaled.jpg","type":"image\/jpeg"}],"author":"Didier Charton","twitter_card":"summary_large_image","twitter_creator":"@ABM_TECNA","twitter_site":"@ABM_TECNA","twitter_misc":{"\u00c9crit par":"Didier Charton","Dur\u00e9e de lecture estim\u00e9e":"2 minutes"},"schema":{"@context":"https:\/\/schema.org","@graph":[{"@type":"Article","@id":"https:\/\/www.abm-tecna.be\/fr\/stockage-longue-duree-pour-les-ensembles-produits-ou-repares\/#article","isPartOf":{"@id":"https:\/\/www.abm-tecna.be\/fr\/stockage-longue-duree-pour-les-ensembles-produits-ou-repares\/"},"author":{"name":"Didier Charton","@id":"https:\/\/www.abm-tecna.be\/fr\/#\/schema\/person\/a32eb6a4e0a9921500b7478f7471def8"},"headline":"Stockage Longue Dur\u00e9e pour les ensembles produits ou r\u00e9par\u00e9s","datePublished":"2025-03-12T09:21:17+00:00","mainEntityOfPage":{"@id":"https:\/\/www.abm-tecna.be\/fr\/stockage-longue-duree-pour-les-ensembles-produits-ou-repares\/"},"wordCount":957,"publisher":{"@id":"https:\/\/www.abm-tecna.be\/fr\/#organization"},"image":{"@id":"https:\/\/www.abm-tecna.be\/fr\/stockage-longue-duree-pour-les-ensembles-produits-ou-repares\/#primaryimage"},"thumbnailUrl":"https:\/\/www.abm-tecna.be\/wp-content\/uploads\/2025\/03\/stockage-longue-dureeabtc-scaled.jpg","articleSection":["Actualit\u00e9s"],"inLanguage":"fr-FR"},{"@type":"WebPage","@id":"https:\/\/www.abm-tecna.be\/fr\/stockage-longue-duree-pour-les-ensembles-produits-ou-repares\/","url":"https:\/\/www.abm-tecna.be\/fr\/stockage-longue-duree-pour-les-ensembles-produits-ou-repares\/","name":"Stockage Longue Dur\u00e9e pour les ensembles produits ou r\u00e9par\u00e9s - ABM TECNA","isPartOf":{"@id":"https:\/\/www.abm-tecna.be\/fr\/#website"},"primaryImageOfPage":{"@id":"https:\/\/www.abm-tecna.be\/fr\/stockage-longue-duree-pour-les-ensembles-produits-ou-repares\/#primaryimage"},"image":{"@id":"https:\/\/www.abm-tecna.be\/fr\/stockage-longue-duree-pour-les-ensembles-produits-ou-repares\/#primaryimage"},"thumbnailUrl":"https:\/\/www.abm-tecna.be\/wp-content\/uploads\/2025\/03\/stockage-longue-dureeabtc-scaled.jpg","datePublished":"2025-03-12T09:21:17+00:00","description":"ABM-TECNA | Nos ateliers peuvent produire des emballages pour le Stockage Longue Dur\u00e9e des ensembles produits ou r\u00e9par\u00e9s","breadcrumb":{"@id":"https:\/\/www.abm-tecna.be\/fr\/stockage-longue-duree-pour-les-ensembles-produits-ou-repares\/#breadcrumb"},"inLanguage":"fr-FR","potentialAction":[{"@type":"ReadAction","target":["https:\/\/www.abm-tecna.be\/fr\/stockage-longue-duree-pour-les-ensembles-produits-ou-repares\/"]}]},{"@type":"ImageObject","inLanguage":"fr-FR","@id":"https:\/\/www.abm-tecna.be\/fr\/stockage-longue-duree-pour-les-ensembles-produits-ou-repares\/#primaryimage","url":"https:\/\/www.abm-tecna.be\/wp-content\/uploads\/2025\/03\/stockage-longue-dureeabtc-scaled.jpg","contentUrl":"https:\/\/www.abm-tecna.be\/wp-content\/uploads\/2025\/03\/stockage-longue-dureeabtc-scaled.jpg","width":2560,"height":2560,"caption":"Conditionnement longue dur\u00e9e de mat\u00e9riel neuf ou r\u00e9par\u00e9 par ABM-TECNA"},{"@type":"BreadcrumbList","@id":"https:\/\/www.abm-tecna.be\/fr\/stockage-longue-duree-pour-les-ensembles-produits-ou-repares\/#breadcrumb","itemListElement":[{"@type":"ListItem","position":1,"name":"Home","item":"https:\/\/www.abm-tecna.be\/fr\/"},{"@type":"ListItem","position":2,"name":"Stockage Longue Dur\u00e9e pour les ensembles produits ou r\u00e9par\u00e9s"}]},{"@type":"WebSite","@id":"https:\/\/www.abm-tecna.be\/fr\/#website","url":"https:\/\/www.abm-tecna.be\/fr\/","name":"ABM TECNA","description":"La solution Globale","publisher":{"@id":"https:\/\/www.abm-tecna.be\/fr\/#organization"},"potentialAction":[{"@type":"SearchAction","target":{"@type":"EntryPoint","urlTemplate":"https:\/\/www.abm-tecna.be\/fr\/?s={search_term_string}"},"query-input":{"@type":"PropertyValueSpecification","valueRequired":true,"valueName":"search_term_string"}}],"inLanguage":"fr-FR"},{"@type":"Organization","@id":"https:\/\/www.abm-tecna.be\/fr\/#organization","name":"ABM TECNA","url":"https:\/\/www.abm-tecna.be\/fr\/","logo":{"@type":"ImageObject","inLanguage":"fr-FR","@id":"https:\/\/www.abm-tecna.be\/fr\/#\/schema\/logo\/image\/","url":"https:\/\/www.abm-tecna.be\/wp-content\/uploads\/2020\/01\/ABMTECNA_favicon.png","contentUrl":"https:\/\/www.abm-tecna.be\/wp-content\/uploads\/2020\/01\/ABMTECNA_favicon.png","width":512,"height":512,"caption":"ABM TECNA"},"image":{"@id":"https:\/\/www.abm-tecna.be\/fr\/#\/schema\/logo\/image\/"},"sameAs":["https:\/\/x.com\/ABM_TECNA","https:\/\/www.linkedin.com\/company\/abm\/","https:\/\/www.youtube.com\/channel\/UCRJ02jgCyEoiSCooXgzd7Zg"]},{"@type":"Person","@id":"https:\/\/www.abm-tecna.be\/fr\/#\/schema\/person\/a32eb6a4e0a9921500b7478f7471def8","name":"Didier Charton","url":"https:\/\/www.abm-tecna.be\/fr\/author\/press\/"}]}},"_links":{"self":[{"href":"https:\/\/www.abm-tecna.be\/fr\/wp-json\/wp\/v2\/posts\/11679","targetHints":{"allow":["GET"]}}],"collection":[{"href":"https:\/\/www.abm-tecna.be\/fr\/wp-json\/wp\/v2\/posts"}],"about":[{"href":"https:\/\/www.abm-tecna.be\/fr\/wp-json\/wp\/v2\/types\/post"}],"author":[{"embeddable":true,"href":"https:\/\/www.abm-tecna.be\/fr\/wp-json\/wp\/v2\/users\/3"}],"replies":[{"embeddable":true,"href":"https:\/\/www.abm-tecna.be\/fr\/wp-json\/wp\/v2\/comments?post=11679"}],"version-history":[{"count":4,"href":"https:\/\/www.abm-tecna.be\/fr\/wp-json\/wp\/v2\/posts\/11679\/revisions"}],"predecessor-version":[{"id":11695,"href":"https:\/\/www.abm-tecna.be\/fr\/wp-json\/wp\/v2\/posts\/11679\/revisions\/11695"}],"wp:featuredmedia":[{"embeddable":true,"href":"https:\/\/www.abm-tecna.be\/fr\/wp-json\/wp\/v2\/media\/11680"}],"wp:attachment":[{"href":"https:\/\/www.abm-tecna.be\/fr\/wp-json\/wp\/v2\/media?parent=11679"}],"wp:term":[{"taxonomy":"category","embeddable":true,"href":"https:\/\/www.abm-tecna.be\/fr\/wp-json\/wp\/v2\/categories?post=11679"},{"taxonomy":"post_tag","embeddable":true,"href":"https:\/\/www.abm-tecna.be\/fr\/wp-json\/wp\/v2\/tags?post=11679"}],"curies":[{"name":"wp","href":"https:\/\/api.w.org\/{rel}","templated":true}]}}