{"id":12132,"date":"2026-01-16T11:23:05","date_gmt":"2026-01-16T10:23:05","guid":{"rendered":"https:\/\/www.abm-tecna.be\/?p=12132"},"modified":"2026-01-16T11:23:05","modified_gmt":"2026-01-16T10:23:05","slug":"extensions-ou-retrofit-de-convoyeurs-legers","status":"publish","type":"post","link":"https:\/\/www.abm-tecna.be\/fr\/extensions-ou-retrofit-de-convoyeurs-legers\/","title":{"rendered":"Extensions ou Retrofit de convoyeurs l\u00e9gers"},"content":{"rendered":"<h3>[vc_row type=\u00a0\u00bbin_container\u00a0\u00bb full_screen_row_position=\u00a0\u00bbmiddle\u00a0\u00bb column_margin=\u00a0\u00bbdefault\u00a0\u00bb column_direction=\u00a0\u00bbdefault\u00a0\u00bb column_direction_tablet=\u00a0\u00bbdefault\u00a0\u00bb column_direction_phone=\u00a0\u00bbdefault\u00a0\u00bb scene_position=\u00a0\u00bbcenter\u00a0\u00bb text_color=\u00a0\u00bbdark\u00a0\u00bb text_align=\u00a0\u00bbleft\u00a0\u00bb row_border_radius=\u00a0\u00bbnone\u00a0\u00bb row_border_radius_applies=\u00a0\u00bbbg\u00a0\u00bb overflow=\u00a0\u00bbvisible\u00a0\u00bb overlay_strength=\u00a0\u00bb0.3&Prime; gradient_direction=\u00a0\u00bbleft_to_right\u00a0\u00bb shape_divider_position=\u00a0\u00bbbottom\u00a0\u00bb bg_image_animation=\u00a0\u00bbnone\u00a0\u00bb][vc_column column_padding=\u00a0\u00bbno-extra-padding\u00a0\u00bb column_padding_tablet=\u00a0\u00bbinherit\u00a0\u00bb column_padding_phone=\u00a0\u00bbinherit\u00a0\u00bb column_padding_position=\u00a0\u00bball\u00a0\u00bb column_element_direction_desktop=\u00a0\u00bbdefault\u00a0\u00bb column_element_spacing=\u00a0\u00bbdefault\u00a0\u00bb desktop_text_alignment=\u00a0\u00bbdefault\u00a0\u00bb tablet_text_alignment=\u00a0\u00bbdefault\u00a0\u00bb phone_text_alignment=\u00a0\u00bbdefault\u00a0\u00bb background_color_opacity=\u00a0\u00bb1&Prime; background_hover_color_opacity=\u00a0\u00bb1&Prime; column_backdrop_filter=\u00a0\u00bbnone\u00a0\u00bb column_shadow=\u00a0\u00bbnone\u00a0\u00bb column_border_radius=\u00a0\u00bbnone\u00a0\u00bb column_link_target=\u00a0\u00bb_self\u00a0\u00bb column_position=\u00a0\u00bbdefault\u00a0\u00bb gradient_direction=\u00a0\u00bbleft_to_right\u00a0\u00bb overlay_strength=\u00a0\u00bb0.3&Prime; width=\u00a0\u00bb1\/1&Prime; tablet_width_inherit=\u00a0\u00bbdefault\u00a0\u00bb animation_type=\u00a0\u00bbdefault\u00a0\u00bb bg_image_animation=\u00a0\u00bbnone\u00a0\u00bb border_type=\u00a0\u00bbsimple\u00a0\u00bb column_border_width=\u00a0\u00bbnone\u00a0\u00bb column_border_style=\u00a0\u00bbsolid\u00a0\u00bb][vc_video link=\u00a0\u00bbhttps:\/\/www.youtube.com\/watch?v=GlLS1pFVfEM\u00a0\u00bb el_aspect=\u00a0\u00bb43&Prime; css=\u00a0\u00bb\u00a0\u00bb][vc_column_text css=\u00a0\u00bb\u00a0\u00bb text_direction=\u00a0\u00bbdefault\u00a0\u00bb] Votre installation de convoyage \u00e9volue ?\ufe0f<\/h3>\n<div>\n<p>ABM-TECNA, via ses entit\u00e9s, vous accompagne dans vos projets d\u2019<strong>extension<\/strong> et de <strong>r\u00e9trofit de convoyeurs l\u00e9gers PVC \/ PU<\/strong>.<\/p>\n<p>\u2705 Gr\u00e2ce \u00e0 notre <strong>concept de solution globale<\/strong>, nous sommes en mesure de fournir un <strong>convoyeur enti\u00e8rement \u00e9quip\u00e9<\/strong>, parfaitement adapt\u00e9 \u00e0 votre application :<\/p>\n<ul>\n<li>\ud83d\udd27 <a href=\"https:\/\/www.abm-tecna.be\/fr\/motoreducteurs-simogear\/\"><strong>Motor\u00e9ducteurs Innomotics<\/strong><\/a> haute performance (nous pla\u00e7ons toutes marques, selon la demande du client).<\/li>\n<li>\ud83d\udfe6 <a href=\"https:\/\/www.abm-tecna.be\/fr\/bandes-pvc-pu\/\"><strong>Bandes PVC-PU<\/strong><\/a> s\u00e9lectionn\u00e9es selon vos contraintes process<\/li>\n<li>\u2699\ufe0f <strong>Composants m\u00e9caniques<\/strong> : accouplements, paliers, rouleaux, tambours<\/li>\n<li>\ud83c\udfaf <strong>Une coh\u00e9rence technique totale<\/strong> pour un fonctionnement fiable et durable<\/li>\n<\/ul>\n<p>\ud83d\udc49 Un <strong>interlocuteur unique<\/strong>, une <strong>solution optimis\u00e9e<\/strong>, et une <strong>int\u00e9gration sans compromis<\/strong> dans votre ligne existante.<\/p>\n<p>\ud83d\udce9 <strong>Besoin d\u2019optimiser, moderniser ou \u00e9tendre votre syst\u00e8me de convoyage ?<\/strong><br \/>\n<a href=\"https:\/\/www.abm-tecna.be\/fr\/contactez-nous\/\">Contactez-nous d\u00e8s maintenant.<\/a><\/p>\n[\/vc_column_text][\/vc_column][\/vc_row]<\/div>\n","protected":false},"excerpt":{"rendered":"<p>[vc_row type=\u00a0\u00bbin_container\u00a0\u00bb full_screen_row_position=\u00a0\u00bbmiddle\u00a0\u00bb column_margin=\u00a0\u00bbdefault\u00a0\u00bb column_direction=\u00a0\u00bbdefault\u00a0\u00bb column_direction_tablet=\u00a0\u00bbdefault\u00a0\u00bb column_direction_phone=\u00a0\u00bbdefault\u00a0\u00bb scene_position=\u00a0\u00bbcenter\u00a0\u00bb text_color=\u00a0\u00bbdark\u00a0\u00bb text_align=\u00a0\u00bbleft\u00a0\u00bb row_border_radius=\u00a0\u00bbnone\u00a0\u00bb row_border_radius_applies=\u00a0\u00bbbg\u00a0\u00bb overflow=\u00a0\u00bbvisible\u00a0\u00bb overlay_strength=\u00a0\u00bb0.3&Prime; gradient_direction=\u00a0\u00bbleft_to_right\u00a0\u00bb shape_divider_position=\u00a0\u00bbbottom\u00a0\u00bb bg_image_animation=\u00a0\u00bbnone\u00a0\u00bb][vc_column column_padding=\u00a0\u00bbno-extra-padding\u00a0\u00bb column_padding_tablet=\u00a0\u00bbinherit\u00a0\u00bb column_padding_phone=\u00a0\u00bbinherit\u00a0\u00bb column_padding_position=\u00a0\u00bball\u00a0\u00bb column_element_direction_desktop=\u00a0\u00bbdefault\u00a0\u00bb column_element_spacing=\u00a0\u00bbdefault\u00a0\u00bb desktop_text_alignment=\u00a0\u00bbdefault\u00a0\u00bb tablet_text_alignment=\u00a0\u00bbdefault\u00a0\u00bb phone_text_alignment=\u00a0\u00bbdefault\u00a0\u00bb background_color_opacity=\u00a0\u00bb1&Prime; background_hover_color_opacity=\u00a0\u00bb1&Prime; column_backdrop_filter=\u00a0\u00bbnone\u00a0\u00bb column_shadow=\u00a0\u00bbnone\u00a0\u00bb&#8230;<\/p>\n","protected":false},"author":3,"featured_media":12133,"comment_status":"closed","ping_status":"open","sticky":false,"template":"","format":"standard","meta":{"footnotes":""},"categories":[30843,30850,30856,30845],"tags":[],"class_list":{"0":"post-12132","1":"post","2":"type-post","3":"status-publish","4":"format-standard","5":"has-post-thumbnail","7":"category-case-studies","8":"category-convoyage","9":"category-convoyeurs-legers","10":"category-chaudronnerie"},"yoast_head":"<!-- This site is optimized with the Yoast SEO plugin v27.2 - https:\/\/yoast.com\/product\/yoast-seo-wordpress\/ -->\n<title>Extensions ou Retrofit de convoyeurs l\u00e9gers - ABM TECNA<\/title>\n<meta name=\"description\" content=\"Nous vous accompagnons dans vos projets d\u2019extension et de r\u00e9trofit de convoyeurs l\u00e9gers PVC \/ PU et fournissons ensemble complet install\u00e9 ou \u00e0 installer\" \/>\n<meta name=\"robots\" content=\"noindex, follow\" \/>\n<meta property=\"og:locale\" content=\"fr_FR\" \/>\n<meta property=\"og:type\" content=\"article\" \/>\n<meta property=\"og:title\" content=\"Extensions ou Retrofit de convoyeurs l\u00e9gers - ABM TECNA\" \/>\n<meta property=\"og:description\" content=\"Nous vous accompagnons dans vos projets d\u2019extension et de r\u00e9trofit de convoyeurs l\u00e9gers PVC \/ PU et fournissons ensemble complet install\u00e9 ou \u00e0 installer\" \/>\n<meta property=\"og:url\" content=\"https:\/\/www.abm-tecna.be\/fr\/extensions-ou-retrofit-de-convoyeurs-legers\/\" \/>\n<meta property=\"og:site_name\" content=\"ABM TECNA\" \/>\n<meta property=\"article:published_time\" content=\"2026-01-16T10:23:05+00:00\" \/>\n<meta property=\"og:image\" content=\"https:\/\/www.abm-tecna.be\/wp-content\/uploads\/2026\/01\/versionMRconv.jpg\" \/>\n\t<meta property=\"og:image:width\" content=\"2000\" \/>\n\t<meta property=\"og:image:height\" content=\"1125\" \/>\n\t<meta property=\"og:image:type\" content=\"image\/jpeg\" \/>\n<meta name=\"author\" content=\"Didier Charton\" \/>\n<meta name=\"twitter:card\" content=\"summary_large_image\" \/>\n<meta name=\"twitter:creator\" content=\"@ABM_TECNA\" \/>\n<meta name=\"twitter:site\" content=\"@ABM_TECNA\" \/>\n<meta name=\"twitter:label1\" content=\"\u00c9crit par\" \/>\n\t<meta name=\"twitter:data1\" content=\"Didier Charton\" \/>\n\t<meta name=\"twitter:label2\" content=\"Dur\u00e9e de lecture estim\u00e9e\" \/>\n\t<meta name=\"twitter:data2\" content=\"1 minute\" \/>\n<script type=\"application\/ld+json\" class=\"yoast-schema-graph\">{\"@context\":\"https:\/\/schema.org\",\"@graph\":[{\"@type\":\"Article\",\"@id\":\"https:\/\/www.abm-tecna.be\/fr\/extensions-ou-retrofit-de-convoyeurs-legers\/#article\",\"isPartOf\":{\"@id\":\"https:\/\/www.abm-tecna.be\/fr\/extensions-ou-retrofit-de-convoyeurs-legers\/\"},\"author\":{\"name\":\"Didier Charton\",\"@id\":\"https:\/\/www.abm-tecna.be\/fr\/#\/schema\/person\/a32eb6a4e0a9921500b7478f7471def8\"},\"headline\":\"Extensions ou Retrofit de convoyeurs l\u00e9gers\",\"datePublished\":\"2026-01-16T10:23:05+00:00\",\"mainEntityOfPage\":{\"@id\":\"https:\/\/www.abm-tecna.be\/fr\/extensions-ou-retrofit-de-convoyeurs-legers\/\"},\"wordCount\":310,\"publisher\":{\"@id\":\"https:\/\/www.abm-tecna.be\/fr\/#organization\"},\"image\":{\"@id\":\"https:\/\/www.abm-tecna.be\/fr\/extensions-ou-retrofit-de-convoyeurs-legers\/#primaryimage\"},\"thumbnailUrl\":\"https:\/\/www.abm-tecna.be\/wp-content\/uploads\/2026\/01\/versionMRconv.jpg\",\"articleSection\":[\"Cas concrets\",\"Convoyage\",\"Convoyeurs l\u00e9gers\",\"R\u00e9alisations chaudronnerie\"],\"inLanguage\":\"fr-FR\"},{\"@type\":\"WebPage\",\"@id\":\"https:\/\/www.abm-tecna.be\/fr\/extensions-ou-retrofit-de-convoyeurs-legers\/\",\"url\":\"https:\/\/www.abm-tecna.be\/fr\/extensions-ou-retrofit-de-convoyeurs-legers\/\",\"name\":\"Extensions ou Retrofit de convoyeurs l\u00e9gers - ABM TECNA\",\"isPartOf\":{\"@id\":\"https:\/\/www.abm-tecna.be\/fr\/#website\"},\"primaryImageOfPage\":{\"@id\":\"https:\/\/www.abm-tecna.be\/fr\/extensions-ou-retrofit-de-convoyeurs-legers\/#primaryimage\"},\"image\":{\"@id\":\"https:\/\/www.abm-tecna.be\/fr\/extensions-ou-retrofit-de-convoyeurs-legers\/#primaryimage\"},\"thumbnailUrl\":\"https:\/\/www.abm-tecna.be\/wp-content\/uploads\/2026\/01\/versionMRconv.jpg\",\"datePublished\":\"2026-01-16T10:23:05+00:00\",\"description\":\"Nous vous accompagnons dans vos projets d\u2019extension et de r\u00e9trofit de convoyeurs l\u00e9gers PVC \/ PU et fournissons ensemble complet install\u00e9 ou \u00e0 installer\",\"breadcrumb\":{\"@id\":\"https:\/\/www.abm-tecna.be\/fr\/extensions-ou-retrofit-de-convoyeurs-legers\/#breadcrumb\"},\"inLanguage\":\"fr-FR\",\"potentialAction\":[{\"@type\":\"ReadAction\",\"target\":[\"https:\/\/www.abm-tecna.be\/fr\/extensions-ou-retrofit-de-convoyeurs-legers\/\"]}]},{\"@type\":\"ImageObject\",\"inLanguage\":\"fr-FR\",\"@id\":\"https:\/\/www.abm-tecna.be\/fr\/extensions-ou-retrofit-de-convoyeurs-legers\/#primaryimage\",\"url\":\"https:\/\/www.abm-tecna.be\/wp-content\/uploads\/2026\/01\/versionMRconv.jpg\",\"contentUrl\":\"https:\/\/www.abm-tecna.be\/wp-content\/uploads\/2026\/01\/versionMRconv.jpg\",\"width\":2000,\"height\":1125,\"caption\":\"Extensions & Retrofit de convoyeurs l\u00e9gers\"},{\"@type\":\"BreadcrumbList\",\"@id\":\"https:\/\/www.abm-tecna.be\/fr\/extensions-ou-retrofit-de-convoyeurs-legers\/#breadcrumb\",\"itemListElement\":[{\"@type\":\"ListItem\",\"position\":1,\"name\":\"Home\",\"item\":\"https:\/\/www.abm-tecna.be\/fr\/\"},{\"@type\":\"ListItem\",\"position\":2,\"name\":\"Extensions ou Retrofit de convoyeurs l\u00e9gers\"}]},{\"@type\":\"WebSite\",\"@id\":\"https:\/\/www.abm-tecna.be\/fr\/#website\",\"url\":\"https:\/\/www.abm-tecna.be\/fr\/\",\"name\":\"ABM TECNA\",\"description\":\"La solution Globale\",\"publisher\":{\"@id\":\"https:\/\/www.abm-tecna.be\/fr\/#organization\"},\"potentialAction\":[{\"@type\":\"SearchAction\",\"target\":{\"@type\":\"EntryPoint\",\"urlTemplate\":\"https:\/\/www.abm-tecna.be\/fr\/?s={search_term_string}\"},\"query-input\":{\"@type\":\"PropertyValueSpecification\",\"valueRequired\":true,\"valueName\":\"search_term_string\"}}],\"inLanguage\":\"fr-FR\"},{\"@type\":\"Organization\",\"@id\":\"https:\/\/www.abm-tecna.be\/fr\/#organization\",\"name\":\"ABM TECNA\",\"url\":\"https:\/\/www.abm-tecna.be\/fr\/\",\"logo\":{\"@type\":\"ImageObject\",\"inLanguage\":\"fr-FR\",\"@id\":\"https:\/\/www.abm-tecna.be\/fr\/#\/schema\/logo\/image\/\",\"url\":\"https:\/\/www.abm-tecna.be\/wp-content\/uploads\/2020\/01\/ABMTECNA_favicon.png\",\"contentUrl\":\"https:\/\/www.abm-tecna.be\/wp-content\/uploads\/2020\/01\/ABMTECNA_favicon.png\",\"width\":512,\"height\":512,\"caption\":\"ABM TECNA\"},\"image\":{\"@id\":\"https:\/\/www.abm-tecna.be\/fr\/#\/schema\/logo\/image\/\"},\"sameAs\":[\"https:\/\/x.com\/ABM_TECNA\",\"https:\/\/www.linkedin.com\/company\/abm\/\",\"https:\/\/www.youtube.com\/channel\/UCRJ02jgCyEoiSCooXgzd7Zg\"]},{\"@type\":\"Person\",\"@id\":\"https:\/\/www.abm-tecna.be\/fr\/#\/schema\/person\/a32eb6a4e0a9921500b7478f7471def8\",\"name\":\"Didier Charton\",\"url\":\"https:\/\/www.abm-tecna.be\/fr\/author\/press\/\"}]}<\/script>\n<!-- \/ Yoast SEO plugin. -->","yoast_head_json":{"title":"Extensions ou Retrofit de convoyeurs l\u00e9gers - ABM TECNA","description":"Nous vous accompagnons dans vos projets d\u2019extension et de r\u00e9trofit de convoyeurs l\u00e9gers PVC \/ PU et fournissons ensemble complet install\u00e9 ou \u00e0 installer","robots":{"index":"noindex","follow":"follow"},"og_locale":"fr_FR","og_type":"article","og_title":"Extensions ou Retrofit de convoyeurs l\u00e9gers - ABM TECNA","og_description":"Nous vous accompagnons dans vos projets d\u2019extension et de r\u00e9trofit de convoyeurs l\u00e9gers PVC \/ PU et fournissons ensemble complet install\u00e9 ou \u00e0 installer","og_url":"https:\/\/www.abm-tecna.be\/fr\/extensions-ou-retrofit-de-convoyeurs-legers\/","og_site_name":"ABM TECNA","article_published_time":"2026-01-16T10:23:05+00:00","og_image":[{"width":2000,"height":1125,"url":"https:\/\/www.abm-tecna.be\/wp-content\/uploads\/2026\/01\/versionMRconv.jpg","type":"image\/jpeg"}],"author":"Didier Charton","twitter_card":"summary_large_image","twitter_creator":"@ABM_TECNA","twitter_site":"@ABM_TECNA","twitter_misc":{"\u00c9crit par":"Didier Charton","Dur\u00e9e de lecture estim\u00e9e":"1 minute"},"schema":{"@context":"https:\/\/schema.org","@graph":[{"@type":"Article","@id":"https:\/\/www.abm-tecna.be\/fr\/extensions-ou-retrofit-de-convoyeurs-legers\/#article","isPartOf":{"@id":"https:\/\/www.abm-tecna.be\/fr\/extensions-ou-retrofit-de-convoyeurs-legers\/"},"author":{"name":"Didier Charton","@id":"https:\/\/www.abm-tecna.be\/fr\/#\/schema\/person\/a32eb6a4e0a9921500b7478f7471def8"},"headline":"Extensions ou Retrofit de convoyeurs l\u00e9gers","datePublished":"2026-01-16T10:23:05+00:00","mainEntityOfPage":{"@id":"https:\/\/www.abm-tecna.be\/fr\/extensions-ou-retrofit-de-convoyeurs-legers\/"},"wordCount":310,"publisher":{"@id":"https:\/\/www.abm-tecna.be\/fr\/#organization"},"image":{"@id":"https:\/\/www.abm-tecna.be\/fr\/extensions-ou-retrofit-de-convoyeurs-legers\/#primaryimage"},"thumbnailUrl":"https:\/\/www.abm-tecna.be\/wp-content\/uploads\/2026\/01\/versionMRconv.jpg","articleSection":["Cas concrets","Convoyage","Convoyeurs l\u00e9gers","R\u00e9alisations chaudronnerie"],"inLanguage":"fr-FR"},{"@type":"WebPage","@id":"https:\/\/www.abm-tecna.be\/fr\/extensions-ou-retrofit-de-convoyeurs-legers\/","url":"https:\/\/www.abm-tecna.be\/fr\/extensions-ou-retrofit-de-convoyeurs-legers\/","name":"Extensions ou Retrofit de convoyeurs l\u00e9gers - ABM TECNA","isPartOf":{"@id":"https:\/\/www.abm-tecna.be\/fr\/#website"},"primaryImageOfPage":{"@id":"https:\/\/www.abm-tecna.be\/fr\/extensions-ou-retrofit-de-convoyeurs-legers\/#primaryimage"},"image":{"@id":"https:\/\/www.abm-tecna.be\/fr\/extensions-ou-retrofit-de-convoyeurs-legers\/#primaryimage"},"thumbnailUrl":"https:\/\/www.abm-tecna.be\/wp-content\/uploads\/2026\/01\/versionMRconv.jpg","datePublished":"2026-01-16T10:23:05+00:00","description":"Nous vous accompagnons dans vos projets d\u2019extension et de r\u00e9trofit de convoyeurs l\u00e9gers PVC \/ PU et fournissons ensemble complet install\u00e9 ou \u00e0 installer","breadcrumb":{"@id":"https:\/\/www.abm-tecna.be\/fr\/extensions-ou-retrofit-de-convoyeurs-legers\/#breadcrumb"},"inLanguage":"fr-FR","potentialAction":[{"@type":"ReadAction","target":["https:\/\/www.abm-tecna.be\/fr\/extensions-ou-retrofit-de-convoyeurs-legers\/"]}]},{"@type":"ImageObject","inLanguage":"fr-FR","@id":"https:\/\/www.abm-tecna.be\/fr\/extensions-ou-retrofit-de-convoyeurs-legers\/#primaryimage","url":"https:\/\/www.abm-tecna.be\/wp-content\/uploads\/2026\/01\/versionMRconv.jpg","contentUrl":"https:\/\/www.abm-tecna.be\/wp-content\/uploads\/2026\/01\/versionMRconv.jpg","width":2000,"height":1125,"caption":"Extensions & Retrofit de convoyeurs l\u00e9gers"},{"@type":"BreadcrumbList","@id":"https:\/\/www.abm-tecna.be\/fr\/extensions-ou-retrofit-de-convoyeurs-legers\/#breadcrumb","itemListElement":[{"@type":"ListItem","position":1,"name":"Home","item":"https:\/\/www.abm-tecna.be\/fr\/"},{"@type":"ListItem","position":2,"name":"Extensions ou Retrofit de convoyeurs l\u00e9gers"}]},{"@type":"WebSite","@id":"https:\/\/www.abm-tecna.be\/fr\/#website","url":"https:\/\/www.abm-tecna.be\/fr\/","name":"ABM TECNA","description":"La solution Globale","publisher":{"@id":"https:\/\/www.abm-tecna.be\/fr\/#organization"},"potentialAction":[{"@type":"SearchAction","target":{"@type":"EntryPoint","urlTemplate":"https:\/\/www.abm-tecna.be\/fr\/?s={search_term_string}"},"query-input":{"@type":"PropertyValueSpecification","valueRequired":true,"valueName":"search_term_string"}}],"inLanguage":"fr-FR"},{"@type":"Organization","@id":"https:\/\/www.abm-tecna.be\/fr\/#organization","name":"ABM TECNA","url":"https:\/\/www.abm-tecna.be\/fr\/","logo":{"@type":"ImageObject","inLanguage":"fr-FR","@id":"https:\/\/www.abm-tecna.be\/fr\/#\/schema\/logo\/image\/","url":"https:\/\/www.abm-tecna.be\/wp-content\/uploads\/2020\/01\/ABMTECNA_favicon.png","contentUrl":"https:\/\/www.abm-tecna.be\/wp-content\/uploads\/2020\/01\/ABMTECNA_favicon.png","width":512,"height":512,"caption":"ABM TECNA"},"image":{"@id":"https:\/\/www.abm-tecna.be\/fr\/#\/schema\/logo\/image\/"},"sameAs":["https:\/\/x.com\/ABM_TECNA","https:\/\/www.linkedin.com\/company\/abm\/","https:\/\/www.youtube.com\/channel\/UCRJ02jgCyEoiSCooXgzd7Zg"]},{"@type":"Person","@id":"https:\/\/www.abm-tecna.be\/fr\/#\/schema\/person\/a32eb6a4e0a9921500b7478f7471def8","name":"Didier Charton","url":"https:\/\/www.abm-tecna.be\/fr\/author\/press\/"}]}},"_links":{"self":[{"href":"https:\/\/www.abm-tecna.be\/fr\/wp-json\/wp\/v2\/posts\/12132","targetHints":{"allow":["GET"]}}],"collection":[{"href":"https:\/\/www.abm-tecna.be\/fr\/wp-json\/wp\/v2\/posts"}],"about":[{"href":"https:\/\/www.abm-tecna.be\/fr\/wp-json\/wp\/v2\/types\/post"}],"author":[{"embeddable":true,"href":"https:\/\/www.abm-tecna.be\/fr\/wp-json\/wp\/v2\/users\/3"}],"replies":[{"embeddable":true,"href":"https:\/\/www.abm-tecna.be\/fr\/wp-json\/wp\/v2\/comments?post=12132"}],"version-history":[{"count":1,"href":"https:\/\/www.abm-tecna.be\/fr\/wp-json\/wp\/v2\/posts\/12132\/revisions"}],"predecessor-version":[{"id":12135,"href":"https:\/\/www.abm-tecna.be\/fr\/wp-json\/wp\/v2\/posts\/12132\/revisions\/12135"}],"wp:featuredmedia":[{"embeddable":true,"href":"https:\/\/www.abm-tecna.be\/fr\/wp-json\/wp\/v2\/media\/12133"}],"wp:attachment":[{"href":"https:\/\/www.abm-tecna.be\/fr\/wp-json\/wp\/v2\/media?parent=12132"}],"wp:term":[{"taxonomy":"category","embeddable":true,"href":"https:\/\/www.abm-tecna.be\/fr\/wp-json\/wp\/v2\/categories?post=12132"},{"taxonomy":"post_tag","embeddable":true,"href":"https:\/\/www.abm-tecna.be\/fr\/wp-json\/wp\/v2\/tags?post=12132"}],"curies":[{"name":"wp","href":"https:\/\/api.w.org\/{rel}","templated":true}]}}