{"id":2447,"date":"2013-04-16T09:05:00","date_gmt":"2013-04-16T07:05:00","guid":{"rendered":"http:\/\/abm-tecna.com\/?p=2447"},"modified":"2021-01-26T16:36:05","modified_gmt":"2021-01-26T15:36:05","slug":"abm-siemens-a-indumation-2013","status":"publish","type":"post","link":"https:\/\/www.abm-tecna.be\/fr\/abm-siemens-a-indumation-2013\/","title":{"rendered":"ABM &#038; Siemens \u00e0 Indumation 2013"},"content":{"rendered":"\n<p>ABM vous invite sur le stand de Siemens \u00e0 Indumation.<\/p>\n\n\n\n<p>Cher Monsieur, ch\u00e8re Madame,<\/p>\n\n\n\n<p>Aujourd&rsquo;hui plus que jamais, les entreprises misent sur l&rsquo;efficacit\u00e9 et la productivit\u00e9. Elles se voient proposer une multitude de solutions innovantes parmi lesquelles elles sont parfois bien en peine de faire le tri. La visite d&rsquo;un salon professionnel est une bonne mani\u00e8re de s&rsquo;informer sur les nouveaux produits et les derni\u00e8res tendances en un minimum de temps. C&rsquo;est \u00e9galement l&rsquo;occasion de nouer une foule de contacts int\u00e9ressants.<\/p>\n\n\n\n<p>C&rsquo;est pourquoi <strong>ABM a le plaisir de vous inviter le 24, 25 ou 26 avril \u00e0 Indumation<\/strong>, LE salon de l&rsquo;automatisation des ateliers, processus et infrastructures \u00e0 Kortrijk Xpo. Vous d\u00e9couvrirez sur le stand de Siemens comment le <strong>partenariat exclusif entre ABM et Siemens<\/strong> peut augmenter l&rsquo;efficacit\u00e9 de votre installation et de vos motor\u00e9ducteurs, en l&rsquo;espace d&rsquo;une seule visite.<\/p>\n\n\n\n<p><strong>ABM est devenue \u00ab\u00a0l&rsquo;assembly center\u00a0\u00bb exclusif pour les motor\u00e9ducteurs SIMOGEAR de Siemens pour toute la Belgique.<\/strong><\/p>\n\n\n\n<p>Nos services \u00e0 la client\u00e8le, tels que les \u00ab <strong>contrats de maintenance \u00e0 la carte<\/strong> \u00bb par exemple, occupent \u00e9galement une large place sur le stand. Bref : vous saurez tout sur la mani\u00e8re dont l&rsquo;expertise de nos techniciens et comment nos produits, syst\u00e8mes, solutions et services innovants peuvent contribuer \u00e0 am\u00e9liorer votre productivit\u00e9 et votre efficacit\u00e9. Tous les produits phares de Siemens sont pr\u00e9sent\u00e9s sur le site web Indumation.<\/p>\n\n\n\n<p>D\u00e9couvrez l&rsquo;innovation, par Siemens et ABM,\u00a0dans toutes ses dimensions. <br>Inscrivez-vous d\u00e8s aujourd&rsquo;hui et venez nous rendre visite sur le stand Siemens au palais 6, stand D10-11-12.<\/p>\n\n\n\n<p>Nous nous r\u00e9jouissons de vous y accueillir !<\/p>\n","protected":false},"excerpt":{"rendered":"<p>ABM vous invite sur le stand de Siemens \u00e0 Indumation. Cher Monsieur, ch\u00e8re Madame, Aujourd&rsquo;hui plus que jamais, les entreprises misent sur l&rsquo;efficacit\u00e9 et la productivit\u00e9. Elles se voient proposer&#8230;<\/p>\n","protected":false},"author":3,"featured_media":6936,"comment_status":"closed","ping_status":"open","sticky":false,"template":"","format":"standard","meta":{"footnotes":""},"categories":[131],"tags":[],"class_list":{"0":"post-2447","1":"post","2":"type-post","3":"status-publish","4":"format-standard","5":"has-post-thumbnail","7":"category-actualites"},"yoast_head":"<!-- This site is optimized with the Yoast SEO plugin v27.2 - https:\/\/yoast.com\/product\/yoast-seo-wordpress\/ -->\n<title>ABM &amp; Siemens \u00e0 Indumation 2013 - ABM TECNA<\/title>\n<meta name=\"description\" content=\"ABM TECNA sera sur le Stand de SIEMENS \u00e0 Kortrijk Xpo lors du salon INDUMATION pour pr\u00e9senter son service de montage rapide de motor\u00e9ducteurs SIEMENS FLENDER\" \/>\n<meta name=\"robots\" content=\"noindex, follow\" \/>\n<meta property=\"og:locale\" content=\"fr_FR\" \/>\n<meta property=\"og:type\" content=\"article\" \/>\n<meta property=\"og:title\" content=\"ABM &amp; Siemens \u00e0 Indumation 2013 - ABM TECNA\" \/>\n<meta property=\"og:description\" content=\"ABM TECNA sera sur le Stand de SIEMENS \u00e0 Kortrijk Xpo lors du salon INDUMATION pour pr\u00e9senter son service de montage rapide de motor\u00e9ducteurs SIEMENS FLENDER\" \/>\n<meta property=\"og:url\" content=\"https:\/\/www.abm-tecna.be\/fr\/abm-siemens-a-indumation-2013\/\" \/>\n<meta property=\"og:site_name\" content=\"ABM TECNA\" \/>\n<meta property=\"article:published_time\" content=\"2013-04-16T07:05:00+00:00\" \/>\n<meta property=\"article:modified_time\" content=\"2021-01-26T15:36:05+00:00\" \/>\n<meta property=\"og:image\" content=\"https:\/\/www.abm-tecna.be\/wp-content\/uploads\/2013\/04\/indumation-2013-siemens.jpg\" \/>\n\t<meta property=\"og:image:width\" content=\"1600\" \/>\n\t<meta property=\"og:image:height\" content=\"800\" \/>\n\t<meta property=\"og:image:type\" content=\"image\/jpeg\" \/>\n<meta name=\"author\" content=\"Didier Charton\" \/>\n<meta name=\"twitter:card\" content=\"summary_large_image\" \/>\n<meta name=\"twitter:creator\" content=\"@ABM_TECNA\" \/>\n<meta name=\"twitter:site\" content=\"@ABM_TECNA\" \/>\n<meta name=\"twitter:label1\" content=\"\u00c9crit par\" \/>\n\t<meta name=\"twitter:data1\" content=\"Didier Charton\" \/>\n\t<meta name=\"twitter:label2\" content=\"Dur\u00e9e de lecture estim\u00e9e\" \/>\n\t<meta name=\"twitter:data2\" content=\"1 minute\" \/>\n<script type=\"application\/ld+json\" class=\"yoast-schema-graph\">{\"@context\":\"https:\/\/schema.org\",\"@graph\":[{\"@type\":\"Article\",\"@id\":\"https:\/\/www.abm-tecna.be\/fr\/abm-siemens-a-indumation-2013\/#article\",\"isPartOf\":{\"@id\":\"https:\/\/www.abm-tecna.be\/fr\/abm-siemens-a-indumation-2013\/\"},\"author\":{\"name\":\"Didier Charton\",\"@id\":\"https:\/\/www.abm-tecna.be\/fr\/#\/schema\/person\/a32eb6a4e0a9921500b7478f7471def8\"},\"headline\":\"ABM &#038; Siemens \u00e0 Indumation 2013\",\"datePublished\":\"2013-04-16T07:05:00+00:00\",\"dateModified\":\"2021-01-26T15:36:05+00:00\",\"mainEntityOfPage\":{\"@id\":\"https:\/\/www.abm-tecna.be\/fr\/abm-siemens-a-indumation-2013\/\"},\"wordCount\":268,\"publisher\":{\"@id\":\"https:\/\/www.abm-tecna.be\/fr\/#organization\"},\"image\":{\"@id\":\"https:\/\/www.abm-tecna.be\/fr\/abm-siemens-a-indumation-2013\/#primaryimage\"},\"thumbnailUrl\":\"https:\/\/www.abm-tecna.be\/wp-content\/uploads\/2013\/04\/indumation-2013-siemens.jpg\",\"articleSection\":[\"Actualit\u00e9s\"],\"inLanguage\":\"fr-FR\"},{\"@type\":\"WebPage\",\"@id\":\"https:\/\/www.abm-tecna.be\/fr\/abm-siemens-a-indumation-2013\/\",\"url\":\"https:\/\/www.abm-tecna.be\/fr\/abm-siemens-a-indumation-2013\/\",\"name\":\"ABM & Siemens \u00e0 Indumation 2013 - ABM TECNA\",\"isPartOf\":{\"@id\":\"https:\/\/www.abm-tecna.be\/fr\/#website\"},\"primaryImageOfPage\":{\"@id\":\"https:\/\/www.abm-tecna.be\/fr\/abm-siemens-a-indumation-2013\/#primaryimage\"},\"image\":{\"@id\":\"https:\/\/www.abm-tecna.be\/fr\/abm-siemens-a-indumation-2013\/#primaryimage\"},\"thumbnailUrl\":\"https:\/\/www.abm-tecna.be\/wp-content\/uploads\/2013\/04\/indumation-2013-siemens.jpg\",\"datePublished\":\"2013-04-16T07:05:00+00:00\",\"dateModified\":\"2021-01-26T15:36:05+00:00\",\"description\":\"ABM TECNA sera sur le Stand de SIEMENS \u00e0 Kortrijk Xpo lors du salon INDUMATION pour pr\u00e9senter son service de montage rapide de motor\u00e9ducteurs SIEMENS FLENDER\",\"breadcrumb\":{\"@id\":\"https:\/\/www.abm-tecna.be\/fr\/abm-siemens-a-indumation-2013\/#breadcrumb\"},\"inLanguage\":\"fr-FR\",\"potentialAction\":[{\"@type\":\"ReadAction\",\"target\":[\"https:\/\/www.abm-tecna.be\/fr\/abm-siemens-a-indumation-2013\/\"]}]},{\"@type\":\"ImageObject\",\"inLanguage\":\"fr-FR\",\"@id\":\"https:\/\/www.abm-tecna.be\/fr\/abm-siemens-a-indumation-2013\/#primaryimage\",\"url\":\"https:\/\/www.abm-tecna.be\/wp-content\/uploads\/2013\/04\/indumation-2013-siemens.jpg\",\"contentUrl\":\"https:\/\/www.abm-tecna.be\/wp-content\/uploads\/2013\/04\/indumation-2013-siemens.jpg\",\"width\":1600,\"height\":800,\"caption\":\"stand siemens indumation kortrijk 2013\"},{\"@type\":\"BreadcrumbList\",\"@id\":\"https:\/\/www.abm-tecna.be\/fr\/abm-siemens-a-indumation-2013\/#breadcrumb\",\"itemListElement\":[{\"@type\":\"ListItem\",\"position\":1,\"name\":\"Home\",\"item\":\"https:\/\/www.abm-tecna.be\/fr\/\"},{\"@type\":\"ListItem\",\"position\":2,\"name\":\"ABM &#038; Siemens \u00e0 Indumation 2013\"}]},{\"@type\":\"WebSite\",\"@id\":\"https:\/\/www.abm-tecna.be\/fr\/#website\",\"url\":\"https:\/\/www.abm-tecna.be\/fr\/\",\"name\":\"ABM TECNA\",\"description\":\"La solution Globale\",\"publisher\":{\"@id\":\"https:\/\/www.abm-tecna.be\/fr\/#organization\"},\"potentialAction\":[{\"@type\":\"SearchAction\",\"target\":{\"@type\":\"EntryPoint\",\"urlTemplate\":\"https:\/\/www.abm-tecna.be\/fr\/?s={search_term_string}\"},\"query-input\":{\"@type\":\"PropertyValueSpecification\",\"valueRequired\":true,\"valueName\":\"search_term_string\"}}],\"inLanguage\":\"fr-FR\"},{\"@type\":\"Organization\",\"@id\":\"https:\/\/www.abm-tecna.be\/fr\/#organization\",\"name\":\"ABM TECNA\",\"url\":\"https:\/\/www.abm-tecna.be\/fr\/\",\"logo\":{\"@type\":\"ImageObject\",\"inLanguage\":\"fr-FR\",\"@id\":\"https:\/\/www.abm-tecna.be\/fr\/#\/schema\/logo\/image\/\",\"url\":\"https:\/\/www.abm-tecna.be\/wp-content\/uploads\/2020\/01\/ABMTECNA_favicon.png\",\"contentUrl\":\"https:\/\/www.abm-tecna.be\/wp-content\/uploads\/2020\/01\/ABMTECNA_favicon.png\",\"width\":512,\"height\":512,\"caption\":\"ABM TECNA\"},\"image\":{\"@id\":\"https:\/\/www.abm-tecna.be\/fr\/#\/schema\/logo\/image\/\"},\"sameAs\":[\"https:\/\/x.com\/ABM_TECNA\",\"https:\/\/www.linkedin.com\/company\/abm\/\",\"https:\/\/www.youtube.com\/channel\/UCRJ02jgCyEoiSCooXgzd7Zg\"]},{\"@type\":\"Person\",\"@id\":\"https:\/\/www.abm-tecna.be\/fr\/#\/schema\/person\/a32eb6a4e0a9921500b7478f7471def8\",\"name\":\"Didier Charton\",\"url\":\"https:\/\/www.abm-tecna.be\/fr\/author\/press\/\"}]}<\/script>\n<!-- \/ Yoast SEO plugin. -->","yoast_head_json":{"title":"ABM & Siemens \u00e0 Indumation 2013 - ABM TECNA","description":"ABM TECNA sera sur le Stand de SIEMENS \u00e0 Kortrijk Xpo lors du salon INDUMATION pour pr\u00e9senter son service de montage rapide de motor\u00e9ducteurs SIEMENS FLENDER","robots":{"index":"noindex","follow":"follow"},"og_locale":"fr_FR","og_type":"article","og_title":"ABM & Siemens \u00e0 Indumation 2013 - ABM TECNA","og_description":"ABM TECNA sera sur le Stand de SIEMENS \u00e0 Kortrijk Xpo lors du salon INDUMATION pour pr\u00e9senter son service de montage rapide de motor\u00e9ducteurs SIEMENS FLENDER","og_url":"https:\/\/www.abm-tecna.be\/fr\/abm-siemens-a-indumation-2013\/","og_site_name":"ABM TECNA","article_published_time":"2013-04-16T07:05:00+00:00","article_modified_time":"2021-01-26T15:36:05+00:00","og_image":[{"width":1600,"height":800,"url":"https:\/\/www.abm-tecna.be\/wp-content\/uploads\/2013\/04\/indumation-2013-siemens.jpg","type":"image\/jpeg"}],"author":"Didier Charton","twitter_card":"summary_large_image","twitter_creator":"@ABM_TECNA","twitter_site":"@ABM_TECNA","twitter_misc":{"\u00c9crit par":"Didier Charton","Dur\u00e9e de lecture estim\u00e9e":"1 minute"},"schema":{"@context":"https:\/\/schema.org","@graph":[{"@type":"Article","@id":"https:\/\/www.abm-tecna.be\/fr\/abm-siemens-a-indumation-2013\/#article","isPartOf":{"@id":"https:\/\/www.abm-tecna.be\/fr\/abm-siemens-a-indumation-2013\/"},"author":{"name":"Didier Charton","@id":"https:\/\/www.abm-tecna.be\/fr\/#\/schema\/person\/a32eb6a4e0a9921500b7478f7471def8"},"headline":"ABM &#038; Siemens \u00e0 Indumation 2013","datePublished":"2013-04-16T07:05:00+00:00","dateModified":"2021-01-26T15:36:05+00:00","mainEntityOfPage":{"@id":"https:\/\/www.abm-tecna.be\/fr\/abm-siemens-a-indumation-2013\/"},"wordCount":268,"publisher":{"@id":"https:\/\/www.abm-tecna.be\/fr\/#organization"},"image":{"@id":"https:\/\/www.abm-tecna.be\/fr\/abm-siemens-a-indumation-2013\/#primaryimage"},"thumbnailUrl":"https:\/\/www.abm-tecna.be\/wp-content\/uploads\/2013\/04\/indumation-2013-siemens.jpg","articleSection":["Actualit\u00e9s"],"inLanguage":"fr-FR"},{"@type":"WebPage","@id":"https:\/\/www.abm-tecna.be\/fr\/abm-siemens-a-indumation-2013\/","url":"https:\/\/www.abm-tecna.be\/fr\/abm-siemens-a-indumation-2013\/","name":"ABM & Siemens \u00e0 Indumation 2013 - ABM TECNA","isPartOf":{"@id":"https:\/\/www.abm-tecna.be\/fr\/#website"},"primaryImageOfPage":{"@id":"https:\/\/www.abm-tecna.be\/fr\/abm-siemens-a-indumation-2013\/#primaryimage"},"image":{"@id":"https:\/\/www.abm-tecna.be\/fr\/abm-siemens-a-indumation-2013\/#primaryimage"},"thumbnailUrl":"https:\/\/www.abm-tecna.be\/wp-content\/uploads\/2013\/04\/indumation-2013-siemens.jpg","datePublished":"2013-04-16T07:05:00+00:00","dateModified":"2021-01-26T15:36:05+00:00","description":"ABM TECNA sera sur le Stand de SIEMENS \u00e0 Kortrijk Xpo lors du salon INDUMATION pour pr\u00e9senter son service de montage rapide de motor\u00e9ducteurs SIEMENS FLENDER","breadcrumb":{"@id":"https:\/\/www.abm-tecna.be\/fr\/abm-siemens-a-indumation-2013\/#breadcrumb"},"inLanguage":"fr-FR","potentialAction":[{"@type":"ReadAction","target":["https:\/\/www.abm-tecna.be\/fr\/abm-siemens-a-indumation-2013\/"]}]},{"@type":"ImageObject","inLanguage":"fr-FR","@id":"https:\/\/www.abm-tecna.be\/fr\/abm-siemens-a-indumation-2013\/#primaryimage","url":"https:\/\/www.abm-tecna.be\/wp-content\/uploads\/2013\/04\/indumation-2013-siemens.jpg","contentUrl":"https:\/\/www.abm-tecna.be\/wp-content\/uploads\/2013\/04\/indumation-2013-siemens.jpg","width":1600,"height":800,"caption":"stand siemens indumation kortrijk 2013"},{"@type":"BreadcrumbList","@id":"https:\/\/www.abm-tecna.be\/fr\/abm-siemens-a-indumation-2013\/#breadcrumb","itemListElement":[{"@type":"ListItem","position":1,"name":"Home","item":"https:\/\/www.abm-tecna.be\/fr\/"},{"@type":"ListItem","position":2,"name":"ABM &#038; Siemens \u00e0 Indumation 2013"}]},{"@type":"WebSite","@id":"https:\/\/www.abm-tecna.be\/fr\/#website","url":"https:\/\/www.abm-tecna.be\/fr\/","name":"ABM TECNA","description":"La solution Globale","publisher":{"@id":"https:\/\/www.abm-tecna.be\/fr\/#organization"},"potentialAction":[{"@type":"SearchAction","target":{"@type":"EntryPoint","urlTemplate":"https:\/\/www.abm-tecna.be\/fr\/?s={search_term_string}"},"query-input":{"@type":"PropertyValueSpecification","valueRequired":true,"valueName":"search_term_string"}}],"inLanguage":"fr-FR"},{"@type":"Organization","@id":"https:\/\/www.abm-tecna.be\/fr\/#organization","name":"ABM TECNA","url":"https:\/\/www.abm-tecna.be\/fr\/","logo":{"@type":"ImageObject","inLanguage":"fr-FR","@id":"https:\/\/www.abm-tecna.be\/fr\/#\/schema\/logo\/image\/","url":"https:\/\/www.abm-tecna.be\/wp-content\/uploads\/2020\/01\/ABMTECNA_favicon.png","contentUrl":"https:\/\/www.abm-tecna.be\/wp-content\/uploads\/2020\/01\/ABMTECNA_favicon.png","width":512,"height":512,"caption":"ABM TECNA"},"image":{"@id":"https:\/\/www.abm-tecna.be\/fr\/#\/schema\/logo\/image\/"},"sameAs":["https:\/\/x.com\/ABM_TECNA","https:\/\/www.linkedin.com\/company\/abm\/","https:\/\/www.youtube.com\/channel\/UCRJ02jgCyEoiSCooXgzd7Zg"]},{"@type":"Person","@id":"https:\/\/www.abm-tecna.be\/fr\/#\/schema\/person\/a32eb6a4e0a9921500b7478f7471def8","name":"Didier Charton","url":"https:\/\/www.abm-tecna.be\/fr\/author\/press\/"}]}},"_links":{"self":[{"href":"https:\/\/www.abm-tecna.be\/fr\/wp-json\/wp\/v2\/posts\/2447","targetHints":{"allow":["GET"]}}],"collection":[{"href":"https:\/\/www.abm-tecna.be\/fr\/wp-json\/wp\/v2\/posts"}],"about":[{"href":"https:\/\/www.abm-tecna.be\/fr\/wp-json\/wp\/v2\/types\/post"}],"author":[{"embeddable":true,"href":"https:\/\/www.abm-tecna.be\/fr\/wp-json\/wp\/v2\/users\/3"}],"replies":[{"embeddable":true,"href":"https:\/\/www.abm-tecna.be\/fr\/wp-json\/wp\/v2\/comments?post=2447"}],"version-history":[{"count":3,"href":"https:\/\/www.abm-tecna.be\/fr\/wp-json\/wp\/v2\/posts\/2447\/revisions"}],"predecessor-version":[{"id":8653,"href":"https:\/\/www.abm-tecna.be\/fr\/wp-json\/wp\/v2\/posts\/2447\/revisions\/8653"}],"wp:featuredmedia":[{"embeddable":true,"href":"https:\/\/www.abm-tecna.be\/fr\/wp-json\/wp\/v2\/media\/6936"}],"wp:attachment":[{"href":"https:\/\/www.abm-tecna.be\/fr\/wp-json\/wp\/v2\/media?parent=2447"}],"wp:term":[{"taxonomy":"category","embeddable":true,"href":"https:\/\/www.abm-tecna.be\/fr\/wp-json\/wp\/v2\/categories?post=2447"},{"taxonomy":"post_tag","embeddable":true,"href":"https:\/\/www.abm-tecna.be\/fr\/wp-json\/wp\/v2\/tags?post=2447"}],"curies":[{"name":"wp","href":"https:\/\/api.w.org\/{rel}","templated":true}]}}