{"id":2517,"date":"2016-08-23T11:19:00","date_gmt":"2016-08-23T09:19:00","guid":{"rendered":"http:\/\/abm-tecna.com\/?p=2517"},"modified":"2020-12-11T14:44:46","modified_gmt":"2020-12-11T13:44:46","slug":"reparation-sur-site-dun-reducteur-dextrudeuse","status":"publish","type":"post","link":"https:\/\/www.abm-tecna.be\/fr\/reparation-sur-site-dun-reducteur-dextrudeuse\/","title":{"rendered":"R\u00e9paration sur site d&rsquo;un r\u00e9ducteur d\u2019extrudeuse"},"content":{"rendered":"[vc_row type=\u00a0\u00bbin_container\u00a0\u00bb full_screen_row_position=\u00a0\u00bbmiddle\u00a0\u00bb column_margin=\u00a0\u00bbdefault\u00a0\u00bb scene_position=\u00a0\u00bbcenter\u00a0\u00bb text_color=\u00a0\u00bbdark\u00a0\u00bb text_align=\u00a0\u00bbleft\u00a0\u00bb overlay_strength=\u00a0\u00bb0.3&Prime; shape_divider_position=\u00a0\u00bbbottom\u00a0\u00bb bg_image_animation=\u00a0\u00bbnone\u00a0\u00bb][vc_column column_padding=\u00a0\u00bbno-extra-padding\u00a0\u00bb column_padding_position=\u00a0\u00bball\u00a0\u00bb background_color_opacity=\u00a0\u00bb1&Prime; background_hover_color_opacity=\u00a0\u00bb1&Prime; column_link_target=\u00a0\u00bb_self\u00a0\u00bb column_shadow=\u00a0\u00bbnone\u00a0\u00bb column_border_radius=\u00a0\u00bbnone\u00a0\u00bb width=\u00a0\u00bb1\/1&Prime; tablet_width_inherit=\u00a0\u00bbdefault\u00a0\u00bb tablet_text_alignment=\u00a0\u00bbdefault\u00a0\u00bb phone_text_alignment=\u00a0\u00bbdefault\u00a0\u00bb overlay_strength=\u00a0\u00bb0.3&Prime; column_border_width=\u00a0\u00bbnone\u00a0\u00bb column_border_style=\u00a0\u00bbsolid\u00a0\u00bb bg_image_animation=\u00a0\u00bbnone\u00a0\u00bb][vc_column_text]\n<p>Notre client souhaite remplacer l\u2019arbre d\u2019entr\u00e9e de son r\u00e9ducteur suite \u00e0 un bris de denture (il avait constat\u00e9\u00a0 un bruit anormal de son appareil). Lors de la r\u00e9paration il s\u2019aper\u00e7oit que la roue correspondante au 1er train est \u00e9galement endommag\u00e9e.<\/p>\n<p>Mis au courant du probl\u00e8me lors d\u2019une visite de notre gestionnaire, notre sp\u00e9cialiste IG* ABM TECNA analyse le probl\u00e8me sur place.<\/p>\n<p>Le client d\u00e9cide de remettre l\u2019appareil en conformit\u00e9 de mani\u00e8re suivante :<\/p>\n<ul>\n<li>Vu l\u2019ampleur des travaux de d\u00e9montage, pas question d\u2019enlever le r\u00e9ducteur de la machine, ni d\u2019enlever la partie sup\u00e9rieure du carter.<\/li>\n<li>Sur base du plan d\u2019ensemble et la possibilit\u00e9 d\u2019intervenir par le couvercle de visite (colori\u00e9 en orang\u00e9 sur la photo). Nous pr\u00e9voyons le blocage axial de la roue sur l\u2019arbre interm\u00e9diaire 1er au moyen de cales.<\/li>\n<li>Extraction des axes interm\u00e9diaires 1er et d\u2019entr\u00e9e ainsi que les roulements, par les couvercles lat\u00e9raux (colori\u00e9 en orang\u00e9 sur la photo) \u00e0 l\u2019aide d\u2019un v\u00e9rin hydraulique.<\/li>\n<\/ul>\n<p>Apr\u00e8s d\u00e9montage complet du train d\u00e9fectueux, nous avons constat\u00e9 des dommages au niveau de la clavette de liaison roue \/ arbre (jeu important et matage) ainsi que sur l\u2019arbre (port\u00e9e ovalis\u00e9e avec oxydation sur une demi circonf\u00e9rence).<\/p>\n<p>La r\u00e9paration de l\u2019arbre interm\u00e9diaire se fera par chromage avec une tol\u00e9rance calcul\u00e9e pour un montage serrant juste, afin de ne pas avoir une pouss\u00e9e excessive du v\u00e9rin sur le carter.<\/p>\n<h2>Nous remplacerons<\/h2>\n<ul>\n<li>La clavette fabriqu\u00e9e sur mesure<\/li>\n<li>Les roulements<\/li>\n<li>L\u2019arbre d\u2019entr\u00e9e<\/li>\n<li>La roue du 1er train<\/li>\n<\/ul>\n<h2>Pour le remontage nous r\u00e9aliserons<\/h2>\n<ul>\n<li>La mise \u00e0 chaud de la roue sur l\u2019arbre chrom\u00e9 et pouss\u00e9e via un v\u00e9rin<\/li>\n<li>La remise en place de l\u2019ensemble accouplement \u2013 garant \u2013 moteur<\/li>\n<li>Le remplissage de l&rsquo;huile la mise en marche machine pour essais<\/li>\n<\/ul>\n<p>La r\u00e9paration sur site a \u00e9t\u00e9 faite en seulement 13 heures.<\/p>\n<p>*IG : Industrial Gear \/ R\u00e9ducteur industriel<\/p>\n[\/vc_column_text][\/vc_column][\/vc_row]\n","protected":false},"excerpt":{"rendered":"<p>[vc_row type=\u00a0\u00bbin_container\u00a0\u00bb full_screen_row_position=\u00a0\u00bbmiddle\u00a0\u00bb column_margin=\u00a0\u00bbdefault\u00a0\u00bb scene_position=\u00a0\u00bbcenter\u00a0\u00bb text_color=\u00a0\u00bbdark\u00a0\u00bb text_align=\u00a0\u00bbleft\u00a0\u00bb overlay_strength=\u00a0\u00bb0.3&Prime; shape_divider_position=\u00a0\u00bbbottom\u00a0\u00bb bg_image_animation=\u00a0\u00bbnone\u00a0\u00bb][vc_column column_padding=\u00a0\u00bbno-extra-padding\u00a0\u00bb column_padding_position=\u00a0\u00bball\u00a0\u00bb background_color_opacity=\u00a0\u00bb1&Prime; background_hover_color_opacity=\u00a0\u00bb1&Prime; column_link_target=\u00a0\u00bb_self\u00a0\u00bb column_shadow=\u00a0\u00bbnone\u00a0\u00bb column_border_radius=\u00a0\u00bbnone\u00a0\u00bb width=\u00a0\u00bb1\/1&Prime; tablet_width_inherit=\u00a0\u00bbdefault\u00a0\u00bb tablet_text_alignment=\u00a0\u00bbdefault\u00a0\u00bb phone_text_alignment=\u00a0\u00bbdefault\u00a0\u00bb overlay_strength=\u00a0\u00bb0.3&Prime; column_border_width=\u00a0\u00bbnone\u00a0\u00bb column_border_style=\u00a0\u00bbsolid\u00a0\u00bb bg_image_animation=\u00a0\u00bbnone\u00a0\u00bb][vc_column_text] Notre client souhaite remplacer l\u2019arbre&#8230;<\/p>\n","protected":false},"author":2,"featured_media":2518,"comment_status":"closed","ping_status":"open","sticky":false,"template":"","format":"standard","meta":{"footnotes":""},"categories":[131],"tags":[],"class_list":{"0":"post-2517","1":"post","2":"type-post","3":"status-publish","4":"format-standard","5":"has-post-thumbnail","7":"category-actualites"},"yoast_head":"<!-- This site is optimized with the Yoast SEO plugin v27.2 - https:\/\/yoast.com\/product\/yoast-seo-wordpress\/ -->\n<title>R\u00e9paration sur site d&#039;un r\u00e9ducteur d\u2019extrudeuse - ABM TECNA<\/title>\n<meta name=\"description\" content=\"R\u00e9paration sur site d&#039;un r\u00e9ducteur industriel d&#039;extrudeuse par nos \u00e9quipes electrom\u00e9caniquee 13h (sur site)\" \/>\n<meta name=\"robots\" content=\"noindex, follow\" \/>\n<meta property=\"og:locale\" content=\"fr_FR\" \/>\n<meta property=\"og:type\" content=\"article\" \/>\n<meta property=\"og:title\" content=\"R\u00e9paration sur site d&#039;un r\u00e9ducteur d\u2019extrudeuse - ABM TECNA\" \/>\n<meta property=\"og:description\" content=\"R\u00e9paration sur site d&#039;un r\u00e9ducteur industriel d&#039;extrudeuse par nos \u00e9quipes electrom\u00e9caniquee 13h (sur site)\" \/>\n<meta property=\"og:url\" content=\"https:\/\/www.abm-tecna.be\/fr\/reparation-sur-site-dun-reducteur-dextrudeuse\/\" \/>\n<meta property=\"og:site_name\" content=\"ABM TECNA\" \/>\n<meta property=\"article:published_time\" content=\"2016-08-23T09:19:00+00:00\" \/>\n<meta property=\"article:modified_time\" content=\"2020-12-11T13:44:46+00:00\" \/>\n<meta property=\"og:image\" content=\"https:\/\/www.abm-tecna.be\/wp-content\/uploads\/2020\/01\/extrudeuse1.jpg\" \/>\n\t<meta property=\"og:image:width\" content=\"1632\" \/>\n\t<meta property=\"og:image:height\" content=\"920\" \/>\n\t<meta property=\"og:image:type\" content=\"image\/jpeg\" \/>\n<meta name=\"author\" content=\"Jules Coulon\" \/>\n<meta name=\"twitter:card\" content=\"summary_large_image\" \/>\n<meta name=\"twitter:creator\" content=\"@ABM_TECNA\" \/>\n<meta name=\"twitter:site\" content=\"@ABM_TECNA\" \/>\n<meta name=\"twitter:label1\" content=\"\u00c9crit par\" \/>\n\t<meta name=\"twitter:data1\" content=\"Jules Coulon\" \/>\n\t<meta name=\"twitter:label2\" content=\"Dur\u00e9e de lecture estim\u00e9e\" \/>\n\t<meta name=\"twitter:data2\" content=\"2 minutes\" \/>\n<script type=\"application\/ld+json\" class=\"yoast-schema-graph\">{\"@context\":\"https:\/\/schema.org\",\"@graph\":[{\"@type\":\"Article\",\"@id\":\"https:\/\/www.abm-tecna.be\/fr\/reparation-sur-site-dun-reducteur-dextrudeuse\/#article\",\"isPartOf\":{\"@id\":\"https:\/\/www.abm-tecna.be\/fr\/reparation-sur-site-dun-reducteur-dextrudeuse\/\"},\"author\":{\"name\":\"Jules Coulon\",\"@id\":\"https:\/\/www.abm-tecna.be\/fr\/#\/schema\/person\/ea7c51558eb593150bfb00e57264beaf\"},\"headline\":\"R\u00e9paration sur site d&rsquo;un r\u00e9ducteur d\u2019extrudeuse\",\"datePublished\":\"2016-08-23T09:19:00+00:00\",\"dateModified\":\"2020-12-11T13:44:46+00:00\",\"mainEntityOfPage\":{\"@id\":\"https:\/\/www.abm-tecna.be\/fr\/reparation-sur-site-dun-reducteur-dextrudeuse\/\"},\"wordCount\":453,\"publisher\":{\"@id\":\"https:\/\/www.abm-tecna.be\/fr\/#organization\"},\"image\":{\"@id\":\"https:\/\/www.abm-tecna.be\/fr\/reparation-sur-site-dun-reducteur-dextrudeuse\/#primaryimage\"},\"thumbnailUrl\":\"https:\/\/www.abm-tecna.be\/wp-content\/uploads\/2020\/01\/extrudeuse1.jpg\",\"articleSection\":[\"Actualit\u00e9s\"],\"inLanguage\":\"fr-FR\"},{\"@type\":\"WebPage\",\"@id\":\"https:\/\/www.abm-tecna.be\/fr\/reparation-sur-site-dun-reducteur-dextrudeuse\/\",\"url\":\"https:\/\/www.abm-tecna.be\/fr\/reparation-sur-site-dun-reducteur-dextrudeuse\/\",\"name\":\"R\u00e9paration sur site d'un r\u00e9ducteur d\u2019extrudeuse - ABM TECNA\",\"isPartOf\":{\"@id\":\"https:\/\/www.abm-tecna.be\/fr\/#website\"},\"primaryImageOfPage\":{\"@id\":\"https:\/\/www.abm-tecna.be\/fr\/reparation-sur-site-dun-reducteur-dextrudeuse\/#primaryimage\"},\"image\":{\"@id\":\"https:\/\/www.abm-tecna.be\/fr\/reparation-sur-site-dun-reducteur-dextrudeuse\/#primaryimage\"},\"thumbnailUrl\":\"https:\/\/www.abm-tecna.be\/wp-content\/uploads\/2020\/01\/extrudeuse1.jpg\",\"datePublished\":\"2016-08-23T09:19:00+00:00\",\"dateModified\":\"2020-12-11T13:44:46+00:00\",\"description\":\"R\u00e9paration sur site d'un r\u00e9ducteur industriel d'extrudeuse par nos \u00e9quipes electrom\u00e9caniquee 13h (sur site)\",\"breadcrumb\":{\"@id\":\"https:\/\/www.abm-tecna.be\/fr\/reparation-sur-site-dun-reducteur-dextrudeuse\/#breadcrumb\"},\"inLanguage\":\"fr-FR\",\"potentialAction\":[{\"@type\":\"ReadAction\",\"target\":[\"https:\/\/www.abm-tecna.be\/fr\/reparation-sur-site-dun-reducteur-dextrudeuse\/\"]}]},{\"@type\":\"ImageObject\",\"inLanguage\":\"fr-FR\",\"@id\":\"https:\/\/www.abm-tecna.be\/fr\/reparation-sur-site-dun-reducteur-dextrudeuse\/#primaryimage\",\"url\":\"https:\/\/www.abm-tecna.be\/wp-content\/uploads\/2020\/01\/extrudeuse1.jpg\",\"contentUrl\":\"https:\/\/www.abm-tecna.be\/wp-content\/uploads\/2020\/01\/extrudeuse1.jpg\",\"width\":1632,\"height\":920,\"caption\":\"Extrudeuse\"},{\"@type\":\"BreadcrumbList\",\"@id\":\"https:\/\/www.abm-tecna.be\/fr\/reparation-sur-site-dun-reducteur-dextrudeuse\/#breadcrumb\",\"itemListElement\":[{\"@type\":\"ListItem\",\"position\":1,\"name\":\"Home\",\"item\":\"https:\/\/www.abm-tecna.be\/fr\/\"},{\"@type\":\"ListItem\",\"position\":2,\"name\":\"R\u00e9paration sur site d&rsquo;un r\u00e9ducteur d\u2019extrudeuse\"}]},{\"@type\":\"WebSite\",\"@id\":\"https:\/\/www.abm-tecna.be\/fr\/#website\",\"url\":\"https:\/\/www.abm-tecna.be\/fr\/\",\"name\":\"ABM TECNA\",\"description\":\"La solution Globale\",\"publisher\":{\"@id\":\"https:\/\/www.abm-tecna.be\/fr\/#organization\"},\"potentialAction\":[{\"@type\":\"SearchAction\",\"target\":{\"@type\":\"EntryPoint\",\"urlTemplate\":\"https:\/\/www.abm-tecna.be\/fr\/?s={search_term_string}\"},\"query-input\":{\"@type\":\"PropertyValueSpecification\",\"valueRequired\":true,\"valueName\":\"search_term_string\"}}],\"inLanguage\":\"fr-FR\"},{\"@type\":\"Organization\",\"@id\":\"https:\/\/www.abm-tecna.be\/fr\/#organization\",\"name\":\"ABM TECNA\",\"url\":\"https:\/\/www.abm-tecna.be\/fr\/\",\"logo\":{\"@type\":\"ImageObject\",\"inLanguage\":\"fr-FR\",\"@id\":\"https:\/\/www.abm-tecna.be\/fr\/#\/schema\/logo\/image\/\",\"url\":\"https:\/\/www.abm-tecna.be\/wp-content\/uploads\/2020\/01\/ABMTECNA_favicon.png\",\"contentUrl\":\"https:\/\/www.abm-tecna.be\/wp-content\/uploads\/2020\/01\/ABMTECNA_favicon.png\",\"width\":512,\"height\":512,\"caption\":\"ABM TECNA\"},\"image\":{\"@id\":\"https:\/\/www.abm-tecna.be\/fr\/#\/schema\/logo\/image\/\"},\"sameAs\":[\"https:\/\/x.com\/ABM_TECNA\",\"https:\/\/www.linkedin.com\/company\/abm\/\",\"https:\/\/www.youtube.com\/channel\/UCRJ02jgCyEoiSCooXgzd7Zg\"]},{\"@type\":\"Person\",\"@id\":\"https:\/\/www.abm-tecna.be\/fr\/#\/schema\/person\/ea7c51558eb593150bfb00e57264beaf\",\"name\":\"Jules Coulon\",\"url\":\"https:\/\/www.abm-tecna.be\/fr\/author\/j-coulon\/\"}]}<\/script>\n<!-- \/ Yoast SEO plugin. -->","yoast_head_json":{"title":"R\u00e9paration sur site d'un r\u00e9ducteur d\u2019extrudeuse - ABM TECNA","description":"R\u00e9paration sur site d'un r\u00e9ducteur industriel d'extrudeuse par nos \u00e9quipes electrom\u00e9caniquee 13h (sur site)","robots":{"index":"noindex","follow":"follow"},"og_locale":"fr_FR","og_type":"article","og_title":"R\u00e9paration sur site d'un r\u00e9ducteur d\u2019extrudeuse - ABM TECNA","og_description":"R\u00e9paration sur site d'un r\u00e9ducteur industriel d'extrudeuse par nos \u00e9quipes electrom\u00e9caniquee 13h (sur site)","og_url":"https:\/\/www.abm-tecna.be\/fr\/reparation-sur-site-dun-reducteur-dextrudeuse\/","og_site_name":"ABM TECNA","article_published_time":"2016-08-23T09:19:00+00:00","article_modified_time":"2020-12-11T13:44:46+00:00","og_image":[{"width":1632,"height":920,"url":"https:\/\/www.abm-tecna.be\/wp-content\/uploads\/2020\/01\/extrudeuse1.jpg","type":"image\/jpeg"}],"author":"Jules Coulon","twitter_card":"summary_large_image","twitter_creator":"@ABM_TECNA","twitter_site":"@ABM_TECNA","twitter_misc":{"\u00c9crit par":"Jules Coulon","Dur\u00e9e de lecture estim\u00e9e":"2 minutes"},"schema":{"@context":"https:\/\/schema.org","@graph":[{"@type":"Article","@id":"https:\/\/www.abm-tecna.be\/fr\/reparation-sur-site-dun-reducteur-dextrudeuse\/#article","isPartOf":{"@id":"https:\/\/www.abm-tecna.be\/fr\/reparation-sur-site-dun-reducteur-dextrudeuse\/"},"author":{"name":"Jules Coulon","@id":"https:\/\/www.abm-tecna.be\/fr\/#\/schema\/person\/ea7c51558eb593150bfb00e57264beaf"},"headline":"R\u00e9paration sur site d&rsquo;un r\u00e9ducteur d\u2019extrudeuse","datePublished":"2016-08-23T09:19:00+00:00","dateModified":"2020-12-11T13:44:46+00:00","mainEntityOfPage":{"@id":"https:\/\/www.abm-tecna.be\/fr\/reparation-sur-site-dun-reducteur-dextrudeuse\/"},"wordCount":453,"publisher":{"@id":"https:\/\/www.abm-tecna.be\/fr\/#organization"},"image":{"@id":"https:\/\/www.abm-tecna.be\/fr\/reparation-sur-site-dun-reducteur-dextrudeuse\/#primaryimage"},"thumbnailUrl":"https:\/\/www.abm-tecna.be\/wp-content\/uploads\/2020\/01\/extrudeuse1.jpg","articleSection":["Actualit\u00e9s"],"inLanguage":"fr-FR"},{"@type":"WebPage","@id":"https:\/\/www.abm-tecna.be\/fr\/reparation-sur-site-dun-reducteur-dextrudeuse\/","url":"https:\/\/www.abm-tecna.be\/fr\/reparation-sur-site-dun-reducteur-dextrudeuse\/","name":"R\u00e9paration sur site d'un r\u00e9ducteur d\u2019extrudeuse - ABM TECNA","isPartOf":{"@id":"https:\/\/www.abm-tecna.be\/fr\/#website"},"primaryImageOfPage":{"@id":"https:\/\/www.abm-tecna.be\/fr\/reparation-sur-site-dun-reducteur-dextrudeuse\/#primaryimage"},"image":{"@id":"https:\/\/www.abm-tecna.be\/fr\/reparation-sur-site-dun-reducteur-dextrudeuse\/#primaryimage"},"thumbnailUrl":"https:\/\/www.abm-tecna.be\/wp-content\/uploads\/2020\/01\/extrudeuse1.jpg","datePublished":"2016-08-23T09:19:00+00:00","dateModified":"2020-12-11T13:44:46+00:00","description":"R\u00e9paration sur site d'un r\u00e9ducteur industriel d'extrudeuse par nos \u00e9quipes electrom\u00e9caniquee 13h (sur site)","breadcrumb":{"@id":"https:\/\/www.abm-tecna.be\/fr\/reparation-sur-site-dun-reducteur-dextrudeuse\/#breadcrumb"},"inLanguage":"fr-FR","potentialAction":[{"@type":"ReadAction","target":["https:\/\/www.abm-tecna.be\/fr\/reparation-sur-site-dun-reducteur-dextrudeuse\/"]}]},{"@type":"ImageObject","inLanguage":"fr-FR","@id":"https:\/\/www.abm-tecna.be\/fr\/reparation-sur-site-dun-reducteur-dextrudeuse\/#primaryimage","url":"https:\/\/www.abm-tecna.be\/wp-content\/uploads\/2020\/01\/extrudeuse1.jpg","contentUrl":"https:\/\/www.abm-tecna.be\/wp-content\/uploads\/2020\/01\/extrudeuse1.jpg","width":1632,"height":920,"caption":"Extrudeuse"},{"@type":"BreadcrumbList","@id":"https:\/\/www.abm-tecna.be\/fr\/reparation-sur-site-dun-reducteur-dextrudeuse\/#breadcrumb","itemListElement":[{"@type":"ListItem","position":1,"name":"Home","item":"https:\/\/www.abm-tecna.be\/fr\/"},{"@type":"ListItem","position":2,"name":"R\u00e9paration sur site d&rsquo;un r\u00e9ducteur d\u2019extrudeuse"}]},{"@type":"WebSite","@id":"https:\/\/www.abm-tecna.be\/fr\/#website","url":"https:\/\/www.abm-tecna.be\/fr\/","name":"ABM TECNA","description":"La solution Globale","publisher":{"@id":"https:\/\/www.abm-tecna.be\/fr\/#organization"},"potentialAction":[{"@type":"SearchAction","target":{"@type":"EntryPoint","urlTemplate":"https:\/\/www.abm-tecna.be\/fr\/?s={search_term_string}"},"query-input":{"@type":"PropertyValueSpecification","valueRequired":true,"valueName":"search_term_string"}}],"inLanguage":"fr-FR"},{"@type":"Organization","@id":"https:\/\/www.abm-tecna.be\/fr\/#organization","name":"ABM TECNA","url":"https:\/\/www.abm-tecna.be\/fr\/","logo":{"@type":"ImageObject","inLanguage":"fr-FR","@id":"https:\/\/www.abm-tecna.be\/fr\/#\/schema\/logo\/image\/","url":"https:\/\/www.abm-tecna.be\/wp-content\/uploads\/2020\/01\/ABMTECNA_favicon.png","contentUrl":"https:\/\/www.abm-tecna.be\/wp-content\/uploads\/2020\/01\/ABMTECNA_favicon.png","width":512,"height":512,"caption":"ABM TECNA"},"image":{"@id":"https:\/\/www.abm-tecna.be\/fr\/#\/schema\/logo\/image\/"},"sameAs":["https:\/\/x.com\/ABM_TECNA","https:\/\/www.linkedin.com\/company\/abm\/","https:\/\/www.youtube.com\/channel\/UCRJ02jgCyEoiSCooXgzd7Zg"]},{"@type":"Person","@id":"https:\/\/www.abm-tecna.be\/fr\/#\/schema\/person\/ea7c51558eb593150bfb00e57264beaf","name":"Jules Coulon","url":"https:\/\/www.abm-tecna.be\/fr\/author\/j-coulon\/"}]}},"_links":{"self":[{"href":"https:\/\/www.abm-tecna.be\/fr\/wp-json\/wp\/v2\/posts\/2517","targetHints":{"allow":["GET"]}}],"collection":[{"href":"https:\/\/www.abm-tecna.be\/fr\/wp-json\/wp\/v2\/posts"}],"about":[{"href":"https:\/\/www.abm-tecna.be\/fr\/wp-json\/wp\/v2\/types\/post"}],"author":[{"embeddable":true,"href":"https:\/\/www.abm-tecna.be\/fr\/wp-json\/wp\/v2\/users\/2"}],"replies":[{"embeddable":true,"href":"https:\/\/www.abm-tecna.be\/fr\/wp-json\/wp\/v2\/comments?post=2517"}],"version-history":[{"count":3,"href":"https:\/\/www.abm-tecna.be\/fr\/wp-json\/wp\/v2\/posts\/2517\/revisions"}],"predecessor-version":[{"id":6899,"href":"https:\/\/www.abm-tecna.be\/fr\/wp-json\/wp\/v2\/posts\/2517\/revisions\/6899"}],"wp:featuredmedia":[{"embeddable":true,"href":"https:\/\/www.abm-tecna.be\/fr\/wp-json\/wp\/v2\/media\/2518"}],"wp:attachment":[{"href":"https:\/\/www.abm-tecna.be\/fr\/wp-json\/wp\/v2\/media?parent=2517"}],"wp:term":[{"taxonomy":"category","embeddable":true,"href":"https:\/\/www.abm-tecna.be\/fr\/wp-json\/wp\/v2\/categories?post=2517"},{"taxonomy":"post_tag","embeddable":true,"href":"https:\/\/www.abm-tecna.be\/fr\/wp-json\/wp\/v2\/tags?post=2517"}],"curies":[{"name":"wp","href":"https:\/\/api.w.org\/{rel}","templated":true}]}}