{"id":2521,"date":"2016-08-16T11:29:00","date_gmt":"2016-08-16T09:29:00","guid":{"rendered":"http:\/\/abm-tecna.com\/?p=2521"},"modified":"2020-12-11T14:44:46","modified_gmt":"2020-12-11T13:44:46","slug":"une-carriere-a-larret-suite-a-un-accident-sur-une-bande-metallique-la-solution-abm-tecna-sempertrans","status":"publish","type":"post","link":"https:\/\/www.abm-tecna.be\/fr\/une-carriere-a-larret-suite-a-un-accident-sur-une-bande-metallique-la-solution-abm-tecna-sempertrans\/","title":{"rendered":"Une carri\u00e8re \u00e0 l\u2019arr\u00eat : la solution ABM TECNA &#038; Sempertrans"},"content":{"rendered":"[vc_row type=\u00a0\u00bbin_container\u00a0\u00bb full_screen_row_position=\u00a0\u00bbmiddle\u00a0\u00bb column_margin=\u00a0\u00bbdefault\u00a0\u00bb scene_position=\u00a0\u00bbcenter\u00a0\u00bb text_color=\u00a0\u00bbdark\u00a0\u00bb text_align=\u00a0\u00bbleft\u00a0\u00bb overlay_strength=\u00a0\u00bb0.3&Prime; shape_divider_position=\u00a0\u00bbbottom\u00a0\u00bb bg_image_animation=\u00a0\u00bbnone\u00a0\u00bb][vc_column column_padding=\u00a0\u00bbno-extra-padding\u00a0\u00bb column_padding_position=\u00a0\u00bball\u00a0\u00bb background_color_opacity=\u00a0\u00bb1&Prime; background_hover_color_opacity=\u00a0\u00bb1&Prime; column_link_target=\u00a0\u00bb_self\u00a0\u00bb column_shadow=\u00a0\u00bbnone\u00a0\u00bb column_border_radius=\u00a0\u00bbnone\u00a0\u00bb width=\u00a0\u00bb1\/1&Prime; tablet_width_inherit=\u00a0\u00bbdefault\u00a0\u00bb tablet_text_alignment=\u00a0\u00bbdefault\u00a0\u00bb phone_text_alignment=\u00a0\u00bbdefault\u00a0\u00bb overlay_strength=\u00a0\u00bb0.3&Prime; column_border_width=\u00a0\u00bbnone\u00a0\u00bb column_border_style=\u00a0\u00bbsolid\u00a0\u00bb bg_image_animation=\u00a0\u00bbnone\u00a0\u00bb][vc_column_text]<em>Une carri\u00e8re \u00e0 l\u2019arr\u00eat suite \u00e0 un accident sur une bande m\u00e9tallique : la solution ABM TECNA\u00a0&amp;\u00a0Sempertrans<sup>\u00ae<\/sup><\/em><\/p>\n<h2>Les Circonstances<\/h2>\n<p>Une pierre bloqu\u00e9e au niveau de la tr\u00e9mie d\u2019alimentation coupe la bande ST 1250 sur toute sa longueur.<\/p>\n<p>Le client se trouve face \u00e0 deux difficult\u00e9s importantes :<\/p>\n<ul>\n<li>trouver 460 m. de bande m\u00e9tallique<\/li>\n<li>trouver un sous-traitant disposant des comp\u00e9tences et\u00a0 des \u00e9quipements pour r\u00e9aliser ce travail en urgence.<\/li>\n<\/ul>\n<h2>La solution<\/h2>\n<p>Le client contacte ABM TECNA<sup>\u00ae<\/sup>, agent SEMPERTRANS<sup>\u00ae<\/sup> :<\/p>\n<ul>\n<li>dispose d\u2019un stock important de bandes m\u00e9talliques<\/li>\n<li>r\u00e9alise une expertise du convoyeur,<\/li>\n<li>remet un rapport avec\u00a0 diff\u00e9rentes actions \u00e0 mener \u00e0 court \/ moyen terme,<\/li>\n<li>modifie le planning de ses techniciens,<\/li>\n<li>met en \u0153uvre imm\u00e9diatement :\n<ul>\n<li>la livraison de la bande,<\/li>\n<li>le placement,<\/li>\n<li>le jonctionnement,<\/li>\n<li>le red\u00e9marrage des installation tr\u00e8s rapidement.<\/li>\n<\/ul>\n<\/li>\n<\/ul>\n<p><strong>ABM TECNA<sup>\u00ae<\/sup><\/strong>\u00a0sp\u00e9cialiste en bandes m\u00e9talliques b\u00e9n\u00e9ficie du stock de bandes m\u00e9talliques du r\u00e9seau Sempetrans<sup>\u00ae<\/sup> pour ses clients belges.<br \/>\nSa <strong>flexibilit\u00e9 et sa rapidit\u00e9<\/strong> de r\u00e9action <strong>offrent un service unique<\/strong> appr\u00e9ci\u00e9 dans le secteur de l&rsquo;industrie.[\/vc_column_text][\/vc_column][\/vc_row]\n","protected":false},"excerpt":{"rendered":"<p>[vc_row type=\u00a0\u00bbin_container\u00a0\u00bb full_screen_row_position=\u00a0\u00bbmiddle\u00a0\u00bb column_margin=\u00a0\u00bbdefault\u00a0\u00bb scene_position=\u00a0\u00bbcenter\u00a0\u00bb text_color=\u00a0\u00bbdark\u00a0\u00bb text_align=\u00a0\u00bbleft\u00a0\u00bb overlay_strength=\u00a0\u00bb0.3&Prime; shape_divider_position=\u00a0\u00bbbottom\u00a0\u00bb bg_image_animation=\u00a0\u00bbnone\u00a0\u00bb][vc_column column_padding=\u00a0\u00bbno-extra-padding\u00a0\u00bb column_padding_position=\u00a0\u00bball\u00a0\u00bb background_color_opacity=\u00a0\u00bb1&Prime; background_hover_color_opacity=\u00a0\u00bb1&Prime; column_link_target=\u00a0\u00bb_self\u00a0\u00bb column_shadow=\u00a0\u00bbnone\u00a0\u00bb column_border_radius=\u00a0\u00bbnone\u00a0\u00bb width=\u00a0\u00bb1\/1&Prime; tablet_width_inherit=\u00a0\u00bbdefault\u00a0\u00bb tablet_text_alignment=\u00a0\u00bbdefault\u00a0\u00bb phone_text_alignment=\u00a0\u00bbdefault\u00a0\u00bb overlay_strength=\u00a0\u00bb0.3&Prime; column_border_width=\u00a0\u00bbnone\u00a0\u00bb column_border_style=\u00a0\u00bbsolid\u00a0\u00bb bg_image_animation=\u00a0\u00bbnone\u00a0\u00bb][vc_column_text]Une carri\u00e8re \u00e0 l\u2019arr\u00eat suite \u00e0&#8230;<\/p>\n","protected":false},"author":3,"featured_media":1938,"comment_status":"closed","ping_status":"open","sticky":false,"template":"","format":"standard","meta":{"footnotes":""},"categories":[131],"tags":[],"class_list":{"0":"post-2521","1":"post","2":"type-post","3":"status-publish","4":"format-standard","5":"has-post-thumbnail","7":"category-actualites"},"yoast_head":"<!-- This site is optimized with the Yoast SEO plugin v27.2 - https:\/\/yoast.com\/product\/yoast-seo-wordpress\/ -->\n<title>Une carri\u00e8re \u00e0 l\u2019arr\u00eat : la solution ABM TECNA &amp; Sempertrans - ABM TECNA<\/title>\n<meta name=\"description\" content=\"Avec l&#039;acc\u00e8s au stock europ\u00e9en de Sempertrans, nous avons p\u00fb r\u00e9parer 460m de bande m\u00e9tallique ST1250 en urgence\" \/>\n<meta name=\"robots\" content=\"noindex, follow\" \/>\n<meta property=\"og:locale\" content=\"fr_FR\" \/>\n<meta property=\"og:type\" content=\"article\" \/>\n<meta property=\"og:title\" content=\"Une carri\u00e8re \u00e0 l\u2019arr\u00eat : la solution ABM TECNA &amp; Sempertrans - ABM TECNA\" \/>\n<meta property=\"og:description\" content=\"Avec l&#039;acc\u00e8s au stock europ\u00e9en de Sempertrans, nous avons p\u00fb r\u00e9parer 460m de bande m\u00e9tallique ST1250 en urgence\" \/>\n<meta property=\"og:url\" content=\"https:\/\/www.abm-tecna.be\/fr\/une-carriere-a-larret-suite-a-un-accident-sur-une-bande-metallique-la-solution-abm-tecna-sempertrans\/\" \/>\n<meta property=\"og:site_name\" content=\"ABM TECNA\" \/>\n<meta property=\"article:published_time\" content=\"2016-08-16T09:29:00+00:00\" \/>\n<meta property=\"article:modified_time\" content=\"2020-12-11T13:44:46+00:00\" \/>\n<meta property=\"og:image\" content=\"https:\/\/www.abm-tecna.be\/wp-content\/uploads\/2019\/12\/IMG_0991-scaled.jpg\" \/>\n\t<meta property=\"og:image:width\" content=\"2560\" \/>\n\t<meta property=\"og:image:height\" content=\"1707\" \/>\n\t<meta property=\"og:image:type\" content=\"image\/jpeg\" \/>\n<meta name=\"author\" content=\"Didier Charton\" \/>\n<meta name=\"twitter:card\" content=\"summary_large_image\" \/>\n<meta name=\"twitter:creator\" content=\"@ABM_TECNA\" \/>\n<meta name=\"twitter:site\" content=\"@ABM_TECNA\" \/>\n<meta name=\"twitter:label1\" content=\"\u00c9crit par\" \/>\n\t<meta name=\"twitter:data1\" content=\"Didier Charton\" \/>\n\t<meta name=\"twitter:label2\" content=\"Dur\u00e9e de lecture estim\u00e9e\" \/>\n\t<meta name=\"twitter:data2\" content=\"1 minute\" \/>\n<script type=\"application\/ld+json\" class=\"yoast-schema-graph\">{\"@context\":\"https:\/\/schema.org\",\"@graph\":[{\"@type\":\"Article\",\"@id\":\"https:\/\/www.abm-tecna.be\/fr\/une-carriere-a-larret-suite-a-un-accident-sur-une-bande-metallique-la-solution-abm-tecna-sempertrans\/#article\",\"isPartOf\":{\"@id\":\"https:\/\/www.abm-tecna.be\/fr\/une-carriere-a-larret-suite-a-un-accident-sur-une-bande-metallique-la-solution-abm-tecna-sempertrans\/\"},\"author\":{\"name\":\"Didier Charton\",\"@id\":\"https:\/\/www.abm-tecna.be\/fr\/#\/schema\/person\/a32eb6a4e0a9921500b7478f7471def8\"},\"headline\":\"Une carri\u00e8re \u00e0 l\u2019arr\u00eat : la solution ABM TECNA &#038; Sempertrans\",\"datePublished\":\"2016-08-16T09:29:00+00:00\",\"dateModified\":\"2020-12-11T13:44:46+00:00\",\"mainEntityOfPage\":{\"@id\":\"https:\/\/www.abm-tecna.be\/fr\/une-carriere-a-larret-suite-a-un-accident-sur-une-bande-metallique-la-solution-abm-tecna-sempertrans\/\"},\"wordCount\":288,\"publisher\":{\"@id\":\"https:\/\/www.abm-tecna.be\/fr\/#organization\"},\"image\":{\"@id\":\"https:\/\/www.abm-tecna.be\/fr\/une-carriere-a-larret-suite-a-un-accident-sur-une-bande-metallique-la-solution-abm-tecna-sempertrans\/#primaryimage\"},\"thumbnailUrl\":\"https:\/\/www.abm-tecna.be\/wp-content\/uploads\/2019\/12\/IMG_0991-scaled.jpg\",\"articleSection\":[\"Actualit\u00e9s\"],\"inLanguage\":\"fr-FR\"},{\"@type\":\"WebPage\",\"@id\":\"https:\/\/www.abm-tecna.be\/fr\/une-carriere-a-larret-suite-a-un-accident-sur-une-bande-metallique-la-solution-abm-tecna-sempertrans\/\",\"url\":\"https:\/\/www.abm-tecna.be\/fr\/une-carriere-a-larret-suite-a-un-accident-sur-une-bande-metallique-la-solution-abm-tecna-sempertrans\/\",\"name\":\"Une carri\u00e8re \u00e0 l\u2019arr\u00eat : la solution ABM TECNA & Sempertrans - ABM TECNA\",\"isPartOf\":{\"@id\":\"https:\/\/www.abm-tecna.be\/fr\/#website\"},\"primaryImageOfPage\":{\"@id\":\"https:\/\/www.abm-tecna.be\/fr\/une-carriere-a-larret-suite-a-un-accident-sur-une-bande-metallique-la-solution-abm-tecna-sempertrans\/#primaryimage\"},\"image\":{\"@id\":\"https:\/\/www.abm-tecna.be\/fr\/une-carriere-a-larret-suite-a-un-accident-sur-une-bande-metallique-la-solution-abm-tecna-sempertrans\/#primaryimage\"},\"thumbnailUrl\":\"https:\/\/www.abm-tecna.be\/wp-content\/uploads\/2019\/12\/IMG_0991-scaled.jpg\",\"datePublished\":\"2016-08-16T09:29:00+00:00\",\"dateModified\":\"2020-12-11T13:44:46+00:00\",\"description\":\"Avec l'acc\u00e8s au stock europ\u00e9en de Sempertrans, nous avons p\u00fb r\u00e9parer 460m de bande m\u00e9tallique ST1250 en urgence\",\"breadcrumb\":{\"@id\":\"https:\/\/www.abm-tecna.be\/fr\/une-carriere-a-larret-suite-a-un-accident-sur-une-bande-metallique-la-solution-abm-tecna-sempertrans\/#breadcrumb\"},\"inLanguage\":\"fr-FR\",\"potentialAction\":[{\"@type\":\"ReadAction\",\"target\":[\"https:\/\/www.abm-tecna.be\/fr\/une-carriere-a-larret-suite-a-un-accident-sur-une-bande-metallique-la-solution-abm-tecna-sempertrans\/\"]}]},{\"@type\":\"ImageObject\",\"inLanguage\":\"fr-FR\",\"@id\":\"https:\/\/www.abm-tecna.be\/fr\/une-carriere-a-larret-suite-a-un-accident-sur-une-bande-metallique-la-solution-abm-tecna-sempertrans\/#primaryimage\",\"url\":\"https:\/\/www.abm-tecna.be\/wp-content\/uploads\/2019\/12\/IMG_0991-scaled.jpg\",\"contentUrl\":\"https:\/\/www.abm-tecna.be\/wp-content\/uploads\/2019\/12\/IMG_0991-scaled.jpg\",\"width\":2560,\"height\":1707,\"caption\":\"Installation avec Camionette d'ABM TECNA\"},{\"@type\":\"BreadcrumbList\",\"@id\":\"https:\/\/www.abm-tecna.be\/fr\/une-carriere-a-larret-suite-a-un-accident-sur-une-bande-metallique-la-solution-abm-tecna-sempertrans\/#breadcrumb\",\"itemListElement\":[{\"@type\":\"ListItem\",\"position\":1,\"name\":\"Home\",\"item\":\"https:\/\/www.abm-tecna.be\/fr\/\"},{\"@type\":\"ListItem\",\"position\":2,\"name\":\"Une carri\u00e8re \u00e0 l\u2019arr\u00eat : la solution ABM TECNA &#038; Sempertrans\"}]},{\"@type\":\"WebSite\",\"@id\":\"https:\/\/www.abm-tecna.be\/fr\/#website\",\"url\":\"https:\/\/www.abm-tecna.be\/fr\/\",\"name\":\"ABM TECNA\",\"description\":\"La solution Globale\",\"publisher\":{\"@id\":\"https:\/\/www.abm-tecna.be\/fr\/#organization\"},\"potentialAction\":[{\"@type\":\"SearchAction\",\"target\":{\"@type\":\"EntryPoint\",\"urlTemplate\":\"https:\/\/www.abm-tecna.be\/fr\/?s={search_term_string}\"},\"query-input\":{\"@type\":\"PropertyValueSpecification\",\"valueRequired\":true,\"valueName\":\"search_term_string\"}}],\"inLanguage\":\"fr-FR\"},{\"@type\":\"Organization\",\"@id\":\"https:\/\/www.abm-tecna.be\/fr\/#organization\",\"name\":\"ABM TECNA\",\"url\":\"https:\/\/www.abm-tecna.be\/fr\/\",\"logo\":{\"@type\":\"ImageObject\",\"inLanguage\":\"fr-FR\",\"@id\":\"https:\/\/www.abm-tecna.be\/fr\/#\/schema\/logo\/image\/\",\"url\":\"https:\/\/www.abm-tecna.be\/wp-content\/uploads\/2020\/01\/ABMTECNA_favicon.png\",\"contentUrl\":\"https:\/\/www.abm-tecna.be\/wp-content\/uploads\/2020\/01\/ABMTECNA_favicon.png\",\"width\":512,\"height\":512,\"caption\":\"ABM TECNA\"},\"image\":{\"@id\":\"https:\/\/www.abm-tecna.be\/fr\/#\/schema\/logo\/image\/\"},\"sameAs\":[\"https:\/\/x.com\/ABM_TECNA\",\"https:\/\/www.linkedin.com\/company\/abm\/\",\"https:\/\/www.youtube.com\/channel\/UCRJ02jgCyEoiSCooXgzd7Zg\"]},{\"@type\":\"Person\",\"@id\":\"https:\/\/www.abm-tecna.be\/fr\/#\/schema\/person\/a32eb6a4e0a9921500b7478f7471def8\",\"name\":\"Didier Charton\",\"url\":\"https:\/\/www.abm-tecna.be\/fr\/author\/press\/\"}]}<\/script>\n<!-- \/ Yoast SEO plugin. -->","yoast_head_json":{"title":"Une carri\u00e8re \u00e0 l\u2019arr\u00eat : la solution ABM TECNA & Sempertrans - ABM TECNA","description":"Avec l'acc\u00e8s au stock europ\u00e9en de Sempertrans, nous avons p\u00fb r\u00e9parer 460m de bande m\u00e9tallique ST1250 en urgence","robots":{"index":"noindex","follow":"follow"},"og_locale":"fr_FR","og_type":"article","og_title":"Une carri\u00e8re \u00e0 l\u2019arr\u00eat : la solution ABM TECNA & Sempertrans - ABM TECNA","og_description":"Avec l'acc\u00e8s au stock europ\u00e9en de Sempertrans, nous avons p\u00fb r\u00e9parer 460m de bande m\u00e9tallique ST1250 en urgence","og_url":"https:\/\/www.abm-tecna.be\/fr\/une-carriere-a-larret-suite-a-un-accident-sur-une-bande-metallique-la-solution-abm-tecna-sempertrans\/","og_site_name":"ABM TECNA","article_published_time":"2016-08-16T09:29:00+00:00","article_modified_time":"2020-12-11T13:44:46+00:00","og_image":[{"width":2560,"height":1707,"url":"https:\/\/www.abm-tecna.be\/wp-content\/uploads\/2019\/12\/IMG_0991-scaled.jpg","type":"image\/jpeg"}],"author":"Didier Charton","twitter_card":"summary_large_image","twitter_creator":"@ABM_TECNA","twitter_site":"@ABM_TECNA","twitter_misc":{"\u00c9crit par":"Didier Charton","Dur\u00e9e de lecture estim\u00e9e":"1 minute"},"schema":{"@context":"https:\/\/schema.org","@graph":[{"@type":"Article","@id":"https:\/\/www.abm-tecna.be\/fr\/une-carriere-a-larret-suite-a-un-accident-sur-une-bande-metallique-la-solution-abm-tecna-sempertrans\/#article","isPartOf":{"@id":"https:\/\/www.abm-tecna.be\/fr\/une-carriere-a-larret-suite-a-un-accident-sur-une-bande-metallique-la-solution-abm-tecna-sempertrans\/"},"author":{"name":"Didier Charton","@id":"https:\/\/www.abm-tecna.be\/fr\/#\/schema\/person\/a32eb6a4e0a9921500b7478f7471def8"},"headline":"Une carri\u00e8re \u00e0 l\u2019arr\u00eat : la solution ABM TECNA &#038; Sempertrans","datePublished":"2016-08-16T09:29:00+00:00","dateModified":"2020-12-11T13:44:46+00:00","mainEntityOfPage":{"@id":"https:\/\/www.abm-tecna.be\/fr\/une-carriere-a-larret-suite-a-un-accident-sur-une-bande-metallique-la-solution-abm-tecna-sempertrans\/"},"wordCount":288,"publisher":{"@id":"https:\/\/www.abm-tecna.be\/fr\/#organization"},"image":{"@id":"https:\/\/www.abm-tecna.be\/fr\/une-carriere-a-larret-suite-a-un-accident-sur-une-bande-metallique-la-solution-abm-tecna-sempertrans\/#primaryimage"},"thumbnailUrl":"https:\/\/www.abm-tecna.be\/wp-content\/uploads\/2019\/12\/IMG_0991-scaled.jpg","articleSection":["Actualit\u00e9s"],"inLanguage":"fr-FR"},{"@type":"WebPage","@id":"https:\/\/www.abm-tecna.be\/fr\/une-carriere-a-larret-suite-a-un-accident-sur-une-bande-metallique-la-solution-abm-tecna-sempertrans\/","url":"https:\/\/www.abm-tecna.be\/fr\/une-carriere-a-larret-suite-a-un-accident-sur-une-bande-metallique-la-solution-abm-tecna-sempertrans\/","name":"Une carri\u00e8re \u00e0 l\u2019arr\u00eat : la solution ABM TECNA & Sempertrans - ABM TECNA","isPartOf":{"@id":"https:\/\/www.abm-tecna.be\/fr\/#website"},"primaryImageOfPage":{"@id":"https:\/\/www.abm-tecna.be\/fr\/une-carriere-a-larret-suite-a-un-accident-sur-une-bande-metallique-la-solution-abm-tecna-sempertrans\/#primaryimage"},"image":{"@id":"https:\/\/www.abm-tecna.be\/fr\/une-carriere-a-larret-suite-a-un-accident-sur-une-bande-metallique-la-solution-abm-tecna-sempertrans\/#primaryimage"},"thumbnailUrl":"https:\/\/www.abm-tecna.be\/wp-content\/uploads\/2019\/12\/IMG_0991-scaled.jpg","datePublished":"2016-08-16T09:29:00+00:00","dateModified":"2020-12-11T13:44:46+00:00","description":"Avec l'acc\u00e8s au stock europ\u00e9en de Sempertrans, nous avons p\u00fb r\u00e9parer 460m de bande m\u00e9tallique ST1250 en urgence","breadcrumb":{"@id":"https:\/\/www.abm-tecna.be\/fr\/une-carriere-a-larret-suite-a-un-accident-sur-une-bande-metallique-la-solution-abm-tecna-sempertrans\/#breadcrumb"},"inLanguage":"fr-FR","potentialAction":[{"@type":"ReadAction","target":["https:\/\/www.abm-tecna.be\/fr\/une-carriere-a-larret-suite-a-un-accident-sur-une-bande-metallique-la-solution-abm-tecna-sempertrans\/"]}]},{"@type":"ImageObject","inLanguage":"fr-FR","@id":"https:\/\/www.abm-tecna.be\/fr\/une-carriere-a-larret-suite-a-un-accident-sur-une-bande-metallique-la-solution-abm-tecna-sempertrans\/#primaryimage","url":"https:\/\/www.abm-tecna.be\/wp-content\/uploads\/2019\/12\/IMG_0991-scaled.jpg","contentUrl":"https:\/\/www.abm-tecna.be\/wp-content\/uploads\/2019\/12\/IMG_0991-scaled.jpg","width":2560,"height":1707,"caption":"Installation avec Camionette d'ABM TECNA"},{"@type":"BreadcrumbList","@id":"https:\/\/www.abm-tecna.be\/fr\/une-carriere-a-larret-suite-a-un-accident-sur-une-bande-metallique-la-solution-abm-tecna-sempertrans\/#breadcrumb","itemListElement":[{"@type":"ListItem","position":1,"name":"Home","item":"https:\/\/www.abm-tecna.be\/fr\/"},{"@type":"ListItem","position":2,"name":"Une carri\u00e8re \u00e0 l\u2019arr\u00eat : la solution ABM TECNA &#038; Sempertrans"}]},{"@type":"WebSite","@id":"https:\/\/www.abm-tecna.be\/fr\/#website","url":"https:\/\/www.abm-tecna.be\/fr\/","name":"ABM TECNA","description":"La solution Globale","publisher":{"@id":"https:\/\/www.abm-tecna.be\/fr\/#organization"},"potentialAction":[{"@type":"SearchAction","target":{"@type":"EntryPoint","urlTemplate":"https:\/\/www.abm-tecna.be\/fr\/?s={search_term_string}"},"query-input":{"@type":"PropertyValueSpecification","valueRequired":true,"valueName":"search_term_string"}}],"inLanguage":"fr-FR"},{"@type":"Organization","@id":"https:\/\/www.abm-tecna.be\/fr\/#organization","name":"ABM TECNA","url":"https:\/\/www.abm-tecna.be\/fr\/","logo":{"@type":"ImageObject","inLanguage":"fr-FR","@id":"https:\/\/www.abm-tecna.be\/fr\/#\/schema\/logo\/image\/","url":"https:\/\/www.abm-tecna.be\/wp-content\/uploads\/2020\/01\/ABMTECNA_favicon.png","contentUrl":"https:\/\/www.abm-tecna.be\/wp-content\/uploads\/2020\/01\/ABMTECNA_favicon.png","width":512,"height":512,"caption":"ABM TECNA"},"image":{"@id":"https:\/\/www.abm-tecna.be\/fr\/#\/schema\/logo\/image\/"},"sameAs":["https:\/\/x.com\/ABM_TECNA","https:\/\/www.linkedin.com\/company\/abm\/","https:\/\/www.youtube.com\/channel\/UCRJ02jgCyEoiSCooXgzd7Zg"]},{"@type":"Person","@id":"https:\/\/www.abm-tecna.be\/fr\/#\/schema\/person\/a32eb6a4e0a9921500b7478f7471def8","name":"Didier Charton","url":"https:\/\/www.abm-tecna.be\/fr\/author\/press\/"}]}},"_links":{"self":[{"href":"https:\/\/www.abm-tecna.be\/fr\/wp-json\/wp\/v2\/posts\/2521","targetHints":{"allow":["GET"]}}],"collection":[{"href":"https:\/\/www.abm-tecna.be\/fr\/wp-json\/wp\/v2\/posts"}],"about":[{"href":"https:\/\/www.abm-tecna.be\/fr\/wp-json\/wp\/v2\/types\/post"}],"author":[{"embeddable":true,"href":"https:\/\/www.abm-tecna.be\/fr\/wp-json\/wp\/v2\/users\/3"}],"replies":[{"embeddable":true,"href":"https:\/\/www.abm-tecna.be\/fr\/wp-json\/wp\/v2\/comments?post=2521"}],"version-history":[{"count":3,"href":"https:\/\/www.abm-tecna.be\/fr\/wp-json\/wp\/v2\/posts\/2521\/revisions"}],"predecessor-version":[{"id":2524,"href":"https:\/\/www.abm-tecna.be\/fr\/wp-json\/wp\/v2\/posts\/2521\/revisions\/2524"}],"wp:featuredmedia":[{"embeddable":true,"href":"https:\/\/www.abm-tecna.be\/fr\/wp-json\/wp\/v2\/media\/1938"}],"wp:attachment":[{"href":"https:\/\/www.abm-tecna.be\/fr\/wp-json\/wp\/v2\/media?parent=2521"}],"wp:term":[{"taxonomy":"category","embeddable":true,"href":"https:\/\/www.abm-tecna.be\/fr\/wp-json\/wp\/v2\/categories?post=2521"},{"taxonomy":"post_tag","embeddable":true,"href":"https:\/\/www.abm-tecna.be\/fr\/wp-json\/wp\/v2\/tags?post=2521"}],"curies":[{"name":"wp","href":"https:\/\/api.w.org\/{rel}","templated":true}]}}