{"id":2534,"date":"2016-10-26T11:55:00","date_gmt":"2016-10-26T09:55:00","guid":{"rendered":"http:\/\/abm-tecna.com\/?p=2534"},"modified":"2020-12-11T14:44:46","modified_gmt":"2020-12-11T13:44:46","slug":"palier-revolvo-une-solution-revolvo-lutionnaire","status":"publish","type":"post","link":"https:\/\/www.abm-tecna.be\/fr\/palier-revolvo-une-solution-revolvo-lutionnaire\/","title":{"rendered":"Palier Revolvo: Une solution Revolvo-lutionnaire!"},"content":{"rendered":"\n<p><em>Normalement pour cette carri\u00e8re de pierre bleue, le changement de roulement d&rsquo;un palier <strong>immobilisait 2 jours<\/strong> cette \u00ab\u00a0armure\u00a0\u00bb (scie qui d\u00e9bite les blocs de pierre bleue en tranches).<\/em><\/p>\n\n\n\n<p><strong>Soit&nbsp;2 jours de production \u00e0 l&rsquo;arr\u00eat, des frais de personnel et&nbsp;de maintenance importants.<\/strong><\/p>\n\n\n\n<p>La soci\u00e9t\u00e9 ABM-TECNA<sup>\u00ae <\/sup>a remplac\u00e9 ce palier non-efficient par la solution des <strong>paliers REVOLVO<sup>\u00ae<\/sup><\/strong> <strong>en 2 heures<\/strong> sans enlever le groupe de commande.<\/p>\n\n\n\n<p><strong>Le principe de ce palier&nbsp;r\u00e9volutionnaire:<\/strong><\/p>\n\n\n\n<p>Le Revolvo est un palier dont les structures cylindriques brevet\u00e9es \u00e0\n roulement sont int\u00e9gralement compos\u00e9es d&rsquo;\u00e9l\u00e9ments h\u00e9micylindriques. Ce \nqui favorise son placement sans devoir d\u00e9monter les modules \nd&rsquo;entrainement en amont.<\/p>\n","protected":false},"excerpt":{"rendered":"<p>Normalement pour cette carri\u00e8re de pierre bleue, le changement de roulement d&rsquo;un palier immobilisait 2 jours cette \u00ab\u00a0armure\u00a0\u00bb (scie qui d\u00e9bite les blocs de pierre bleue en tranches). Soit&nbsp;2 jours&#8230;<\/p>\n","protected":false},"author":3,"featured_media":2535,"comment_status":"closed","ping_status":"open","sticky":false,"template":"","format":"standard","meta":{"footnotes":""},"categories":[131],"tags":[],"class_list":{"0":"post-2534","1":"post","2":"type-post","3":"status-publish","4":"format-standard","5":"has-post-thumbnail","7":"category-actualites"},"yoast_head":"<!-- This site is optimized with the Yoast SEO plugin v27.2 - https:\/\/yoast.com\/product\/yoast-seo-wordpress\/ -->\n<title>Palier Revolvo: Une solution Revolvo-lutionnaire! - ABM TECNA<\/title>\n<meta name=\"description\" content=\"Revolvo: un palier qui permet un placement facile et rapide sans d\u00e9monter les modules d\u2019entrainement en amont. Montage en 2h au lieu de 2 jours\" \/>\n<meta name=\"robots\" content=\"noindex, follow\" \/>\n<meta property=\"og:locale\" content=\"fr_FR\" \/>\n<meta property=\"og:type\" content=\"article\" \/>\n<meta property=\"og:title\" content=\"Palier Revolvo: Une solution Revolvo-lutionnaire! - ABM TECNA\" \/>\n<meta property=\"og:description\" content=\"Revolvo: un palier qui permet un placement facile et rapide sans d\u00e9monter les modules d\u2019entrainement en amont. Montage en 2h au lieu de 2 jours\" \/>\n<meta property=\"og:url\" content=\"https:\/\/www.abm-tecna.be\/fr\/palier-revolvo-une-solution-revolvo-lutionnaire\/\" \/>\n<meta property=\"og:site_name\" content=\"ABM TECNA\" \/>\n<meta property=\"article:published_time\" content=\"2016-10-26T09:55:00+00:00\" \/>\n<meta property=\"article:modified_time\" content=\"2020-12-11T13:44:46+00:00\" \/>\n<meta property=\"og:image\" content=\"https:\/\/www.abm-tecna.be\/wp-content\/uploads\/2020\/01\/revolvo_006.jpg\" \/>\n\t<meta property=\"og:image:width\" content=\"400\" \/>\n\t<meta property=\"og:image:height\" content=\"711\" \/>\n\t<meta property=\"og:image:type\" content=\"image\/jpeg\" \/>\n<meta name=\"author\" content=\"Didier Charton\" \/>\n<meta name=\"twitter:card\" content=\"summary_large_image\" \/>\n<meta name=\"twitter:creator\" content=\"@ABM_TECNA\" \/>\n<meta name=\"twitter:site\" content=\"@ABM_TECNA\" \/>\n<meta name=\"twitter:label1\" content=\"\u00c9crit par\" \/>\n\t<meta name=\"twitter:data1\" content=\"Didier Charton\" \/>\n\t<meta name=\"twitter:label2\" content=\"Dur\u00e9e de lecture estim\u00e9e\" \/>\n\t<meta name=\"twitter:data2\" content=\"1 minute\" \/>\n<script type=\"application\/ld+json\" class=\"yoast-schema-graph\">{\"@context\":\"https:\/\/schema.org\",\"@graph\":[{\"@type\":\"Article\",\"@id\":\"https:\/\/www.abm-tecna.be\/fr\/palier-revolvo-une-solution-revolvo-lutionnaire\/#article\",\"isPartOf\":{\"@id\":\"https:\/\/www.abm-tecna.be\/fr\/palier-revolvo-une-solution-revolvo-lutionnaire\/\"},\"author\":{\"name\":\"Didier Charton\",\"@id\":\"https:\/\/www.abm-tecna.be\/fr\/#\/schema\/person\/a32eb6a4e0a9921500b7478f7471def8\"},\"headline\":\"Palier Revolvo: Une solution Revolvo-lutionnaire!\",\"datePublished\":\"2016-10-26T09:55:00+00:00\",\"dateModified\":\"2020-12-11T13:44:46+00:00\",\"mainEntityOfPage\":{\"@id\":\"https:\/\/www.abm-tecna.be\/fr\/palier-revolvo-une-solution-revolvo-lutionnaire\/\"},\"wordCount\":117,\"publisher\":{\"@id\":\"https:\/\/www.abm-tecna.be\/fr\/#organization\"},\"image\":{\"@id\":\"https:\/\/www.abm-tecna.be\/fr\/palier-revolvo-une-solution-revolvo-lutionnaire\/#primaryimage\"},\"thumbnailUrl\":\"https:\/\/www.abm-tecna.be\/wp-content\/uploads\/2020\/01\/revolvo_006.jpg\",\"articleSection\":[\"Actualit\u00e9s\"],\"inLanguage\":\"fr-FR\"},{\"@type\":\"WebPage\",\"@id\":\"https:\/\/www.abm-tecna.be\/fr\/palier-revolvo-une-solution-revolvo-lutionnaire\/\",\"url\":\"https:\/\/www.abm-tecna.be\/fr\/palier-revolvo-une-solution-revolvo-lutionnaire\/\",\"name\":\"Palier Revolvo: Une solution Revolvo-lutionnaire! - ABM TECNA\",\"isPartOf\":{\"@id\":\"https:\/\/www.abm-tecna.be\/fr\/#website\"},\"primaryImageOfPage\":{\"@id\":\"https:\/\/www.abm-tecna.be\/fr\/palier-revolvo-une-solution-revolvo-lutionnaire\/#primaryimage\"},\"image\":{\"@id\":\"https:\/\/www.abm-tecna.be\/fr\/palier-revolvo-une-solution-revolvo-lutionnaire\/#primaryimage\"},\"thumbnailUrl\":\"https:\/\/www.abm-tecna.be\/wp-content\/uploads\/2020\/01\/revolvo_006.jpg\",\"datePublished\":\"2016-10-26T09:55:00+00:00\",\"dateModified\":\"2020-12-11T13:44:46+00:00\",\"description\":\"Revolvo: un palier qui permet un placement facile et rapide sans d\u00e9monter les modules d\u2019entrainement en amont. Montage en 2h au lieu de 2 jours\",\"breadcrumb\":{\"@id\":\"https:\/\/www.abm-tecna.be\/fr\/palier-revolvo-une-solution-revolvo-lutionnaire\/#breadcrumb\"},\"inLanguage\":\"fr-FR\",\"potentialAction\":[{\"@type\":\"ReadAction\",\"target\":[\"https:\/\/www.abm-tecna.be\/fr\/palier-revolvo-une-solution-revolvo-lutionnaire\/\"]}]},{\"@type\":\"ImageObject\",\"inLanguage\":\"fr-FR\",\"@id\":\"https:\/\/www.abm-tecna.be\/fr\/palier-revolvo-une-solution-revolvo-lutionnaire\/#primaryimage\",\"url\":\"https:\/\/www.abm-tecna.be\/wp-content\/uploads\/2020\/01\/revolvo_006.jpg\",\"contentUrl\":\"https:\/\/www.abm-tecna.be\/wp-content\/uploads\/2020\/01\/revolvo_006.jpg\",\"width\":400,\"height\":711,\"caption\":\"Paliers REVOLVO\"},{\"@type\":\"BreadcrumbList\",\"@id\":\"https:\/\/www.abm-tecna.be\/fr\/palier-revolvo-une-solution-revolvo-lutionnaire\/#breadcrumb\",\"itemListElement\":[{\"@type\":\"ListItem\",\"position\":1,\"name\":\"Home\",\"item\":\"https:\/\/www.abm-tecna.be\/fr\/\"},{\"@type\":\"ListItem\",\"position\":2,\"name\":\"Palier Revolvo: Une solution Revolvo-lutionnaire!\"}]},{\"@type\":\"WebSite\",\"@id\":\"https:\/\/www.abm-tecna.be\/fr\/#website\",\"url\":\"https:\/\/www.abm-tecna.be\/fr\/\",\"name\":\"ABM TECNA\",\"description\":\"La solution Globale\",\"publisher\":{\"@id\":\"https:\/\/www.abm-tecna.be\/fr\/#organization\"},\"potentialAction\":[{\"@type\":\"SearchAction\",\"target\":{\"@type\":\"EntryPoint\",\"urlTemplate\":\"https:\/\/www.abm-tecna.be\/fr\/?s={search_term_string}\"},\"query-input\":{\"@type\":\"PropertyValueSpecification\",\"valueRequired\":true,\"valueName\":\"search_term_string\"}}],\"inLanguage\":\"fr-FR\"},{\"@type\":\"Organization\",\"@id\":\"https:\/\/www.abm-tecna.be\/fr\/#organization\",\"name\":\"ABM TECNA\",\"url\":\"https:\/\/www.abm-tecna.be\/fr\/\",\"logo\":{\"@type\":\"ImageObject\",\"inLanguage\":\"fr-FR\",\"@id\":\"https:\/\/www.abm-tecna.be\/fr\/#\/schema\/logo\/image\/\",\"url\":\"https:\/\/www.abm-tecna.be\/wp-content\/uploads\/2020\/01\/ABMTECNA_favicon.png\",\"contentUrl\":\"https:\/\/www.abm-tecna.be\/wp-content\/uploads\/2020\/01\/ABMTECNA_favicon.png\",\"width\":512,\"height\":512,\"caption\":\"ABM TECNA\"},\"image\":{\"@id\":\"https:\/\/www.abm-tecna.be\/fr\/#\/schema\/logo\/image\/\"},\"sameAs\":[\"https:\/\/x.com\/ABM_TECNA\",\"https:\/\/www.linkedin.com\/company\/abm\/\",\"https:\/\/www.youtube.com\/channel\/UCRJ02jgCyEoiSCooXgzd7Zg\"]},{\"@type\":\"Person\",\"@id\":\"https:\/\/www.abm-tecna.be\/fr\/#\/schema\/person\/a32eb6a4e0a9921500b7478f7471def8\",\"name\":\"Didier Charton\",\"url\":\"https:\/\/www.abm-tecna.be\/fr\/author\/press\/\"}]}<\/script>\n<!-- \/ Yoast SEO plugin. -->","yoast_head_json":{"title":"Palier Revolvo: Une solution Revolvo-lutionnaire! - ABM TECNA","description":"Revolvo: un palier qui permet un placement facile et rapide sans d\u00e9monter les modules d\u2019entrainement en amont. Montage en 2h au lieu de 2 jours","robots":{"index":"noindex","follow":"follow"},"og_locale":"fr_FR","og_type":"article","og_title":"Palier Revolvo: Une solution Revolvo-lutionnaire! - ABM TECNA","og_description":"Revolvo: un palier qui permet un placement facile et rapide sans d\u00e9monter les modules d\u2019entrainement en amont. Montage en 2h au lieu de 2 jours","og_url":"https:\/\/www.abm-tecna.be\/fr\/palier-revolvo-une-solution-revolvo-lutionnaire\/","og_site_name":"ABM TECNA","article_published_time":"2016-10-26T09:55:00+00:00","article_modified_time":"2020-12-11T13:44:46+00:00","og_image":[{"width":400,"height":711,"url":"https:\/\/www.abm-tecna.be\/wp-content\/uploads\/2020\/01\/revolvo_006.jpg","type":"image\/jpeg"}],"author":"Didier Charton","twitter_card":"summary_large_image","twitter_creator":"@ABM_TECNA","twitter_site":"@ABM_TECNA","twitter_misc":{"\u00c9crit par":"Didier Charton","Dur\u00e9e de lecture estim\u00e9e":"1 minute"},"schema":{"@context":"https:\/\/schema.org","@graph":[{"@type":"Article","@id":"https:\/\/www.abm-tecna.be\/fr\/palier-revolvo-une-solution-revolvo-lutionnaire\/#article","isPartOf":{"@id":"https:\/\/www.abm-tecna.be\/fr\/palier-revolvo-une-solution-revolvo-lutionnaire\/"},"author":{"name":"Didier Charton","@id":"https:\/\/www.abm-tecna.be\/fr\/#\/schema\/person\/a32eb6a4e0a9921500b7478f7471def8"},"headline":"Palier Revolvo: Une solution Revolvo-lutionnaire!","datePublished":"2016-10-26T09:55:00+00:00","dateModified":"2020-12-11T13:44:46+00:00","mainEntityOfPage":{"@id":"https:\/\/www.abm-tecna.be\/fr\/palier-revolvo-une-solution-revolvo-lutionnaire\/"},"wordCount":117,"publisher":{"@id":"https:\/\/www.abm-tecna.be\/fr\/#organization"},"image":{"@id":"https:\/\/www.abm-tecna.be\/fr\/palier-revolvo-une-solution-revolvo-lutionnaire\/#primaryimage"},"thumbnailUrl":"https:\/\/www.abm-tecna.be\/wp-content\/uploads\/2020\/01\/revolvo_006.jpg","articleSection":["Actualit\u00e9s"],"inLanguage":"fr-FR"},{"@type":"WebPage","@id":"https:\/\/www.abm-tecna.be\/fr\/palier-revolvo-une-solution-revolvo-lutionnaire\/","url":"https:\/\/www.abm-tecna.be\/fr\/palier-revolvo-une-solution-revolvo-lutionnaire\/","name":"Palier Revolvo: Une solution Revolvo-lutionnaire! - ABM TECNA","isPartOf":{"@id":"https:\/\/www.abm-tecna.be\/fr\/#website"},"primaryImageOfPage":{"@id":"https:\/\/www.abm-tecna.be\/fr\/palier-revolvo-une-solution-revolvo-lutionnaire\/#primaryimage"},"image":{"@id":"https:\/\/www.abm-tecna.be\/fr\/palier-revolvo-une-solution-revolvo-lutionnaire\/#primaryimage"},"thumbnailUrl":"https:\/\/www.abm-tecna.be\/wp-content\/uploads\/2020\/01\/revolvo_006.jpg","datePublished":"2016-10-26T09:55:00+00:00","dateModified":"2020-12-11T13:44:46+00:00","description":"Revolvo: un palier qui permet un placement facile et rapide sans d\u00e9monter les modules d\u2019entrainement en amont. Montage en 2h au lieu de 2 jours","breadcrumb":{"@id":"https:\/\/www.abm-tecna.be\/fr\/palier-revolvo-une-solution-revolvo-lutionnaire\/#breadcrumb"},"inLanguage":"fr-FR","potentialAction":[{"@type":"ReadAction","target":["https:\/\/www.abm-tecna.be\/fr\/palier-revolvo-une-solution-revolvo-lutionnaire\/"]}]},{"@type":"ImageObject","inLanguage":"fr-FR","@id":"https:\/\/www.abm-tecna.be\/fr\/palier-revolvo-une-solution-revolvo-lutionnaire\/#primaryimage","url":"https:\/\/www.abm-tecna.be\/wp-content\/uploads\/2020\/01\/revolvo_006.jpg","contentUrl":"https:\/\/www.abm-tecna.be\/wp-content\/uploads\/2020\/01\/revolvo_006.jpg","width":400,"height":711,"caption":"Paliers REVOLVO"},{"@type":"BreadcrumbList","@id":"https:\/\/www.abm-tecna.be\/fr\/palier-revolvo-une-solution-revolvo-lutionnaire\/#breadcrumb","itemListElement":[{"@type":"ListItem","position":1,"name":"Home","item":"https:\/\/www.abm-tecna.be\/fr\/"},{"@type":"ListItem","position":2,"name":"Palier Revolvo: Une solution Revolvo-lutionnaire!"}]},{"@type":"WebSite","@id":"https:\/\/www.abm-tecna.be\/fr\/#website","url":"https:\/\/www.abm-tecna.be\/fr\/","name":"ABM TECNA","description":"La solution Globale","publisher":{"@id":"https:\/\/www.abm-tecna.be\/fr\/#organization"},"potentialAction":[{"@type":"SearchAction","target":{"@type":"EntryPoint","urlTemplate":"https:\/\/www.abm-tecna.be\/fr\/?s={search_term_string}"},"query-input":{"@type":"PropertyValueSpecification","valueRequired":true,"valueName":"search_term_string"}}],"inLanguage":"fr-FR"},{"@type":"Organization","@id":"https:\/\/www.abm-tecna.be\/fr\/#organization","name":"ABM TECNA","url":"https:\/\/www.abm-tecna.be\/fr\/","logo":{"@type":"ImageObject","inLanguage":"fr-FR","@id":"https:\/\/www.abm-tecna.be\/fr\/#\/schema\/logo\/image\/","url":"https:\/\/www.abm-tecna.be\/wp-content\/uploads\/2020\/01\/ABMTECNA_favicon.png","contentUrl":"https:\/\/www.abm-tecna.be\/wp-content\/uploads\/2020\/01\/ABMTECNA_favicon.png","width":512,"height":512,"caption":"ABM TECNA"},"image":{"@id":"https:\/\/www.abm-tecna.be\/fr\/#\/schema\/logo\/image\/"},"sameAs":["https:\/\/x.com\/ABM_TECNA","https:\/\/www.linkedin.com\/company\/abm\/","https:\/\/www.youtube.com\/channel\/UCRJ02jgCyEoiSCooXgzd7Zg"]},{"@type":"Person","@id":"https:\/\/www.abm-tecna.be\/fr\/#\/schema\/person\/a32eb6a4e0a9921500b7478f7471def8","name":"Didier Charton","url":"https:\/\/www.abm-tecna.be\/fr\/author\/press\/"}]}},"_links":{"self":[{"href":"https:\/\/www.abm-tecna.be\/fr\/wp-json\/wp\/v2\/posts\/2534","targetHints":{"allow":["GET"]}}],"collection":[{"href":"https:\/\/www.abm-tecna.be\/fr\/wp-json\/wp\/v2\/posts"}],"about":[{"href":"https:\/\/www.abm-tecna.be\/fr\/wp-json\/wp\/v2\/types\/post"}],"author":[{"embeddable":true,"href":"https:\/\/www.abm-tecna.be\/fr\/wp-json\/wp\/v2\/users\/3"}],"replies":[{"embeddable":true,"href":"https:\/\/www.abm-tecna.be\/fr\/wp-json\/wp\/v2\/comments?post=2534"}],"version-history":[{"count":1,"href":"https:\/\/www.abm-tecna.be\/fr\/wp-json\/wp\/v2\/posts\/2534\/revisions"}],"predecessor-version":[{"id":2536,"href":"https:\/\/www.abm-tecna.be\/fr\/wp-json\/wp\/v2\/posts\/2534\/revisions\/2536"}],"wp:featuredmedia":[{"embeddable":true,"href":"https:\/\/www.abm-tecna.be\/fr\/wp-json\/wp\/v2\/media\/2535"}],"wp:attachment":[{"href":"https:\/\/www.abm-tecna.be\/fr\/wp-json\/wp\/v2\/media?parent=2534"}],"wp:term":[{"taxonomy":"category","embeddable":true,"href":"https:\/\/www.abm-tecna.be\/fr\/wp-json\/wp\/v2\/categories?post=2534"},{"taxonomy":"post_tag","embeddable":true,"href":"https:\/\/www.abm-tecna.be\/fr\/wp-json\/wp\/v2\/tags?post=2534"}],"curies":[{"name":"wp","href":"https:\/\/api.w.org\/{rel}","templated":true}]}}