{"id":2602,"date":"2017-06-14T16:06:18","date_gmt":"2017-06-14T14:06:18","guid":{"rendered":"http:\/\/abm-tecna.com\/?p=2602"},"modified":"2020-12-11T14:44:45","modified_gmt":"2020-12-11T13:44:45","slug":"la-solution-globale-en-bandes-transporteuses-pvc-pu-et-bien-plus","status":"publish","type":"post","link":"https:\/\/www.abm-tecna.be\/fr\/la-solution-globale-en-bandes-transporteuses-pvc-pu-et-bien-plus\/","title":{"rendered":"La solution globale en bandes transporteuses PVC\/PU et bien plus !"},"content":{"rendered":"[vc_row type=\u00a0\u00bbin_container\u00a0\u00bb full_screen_row_position=\u00a0\u00bbmiddle\u00a0\u00bb equal_height=\u00a0\u00bbyes\u00a0\u00bb content_placement=\u00a0\u00bbmiddle\u00a0\u00bb column_margin=\u00a0\u00bbdefault\u00a0\u00bb scene_position=\u00a0\u00bbcenter\u00a0\u00bb text_color=\u00a0\u00bbdark\u00a0\u00bb text_align=\u00a0\u00bbleft\u00a0\u00bb overlay_strength=\u00a0\u00bb0.3&Prime; shape_divider_position=\u00a0\u00bbbottom\u00a0\u00bb bg_image_animation=\u00a0\u00bbnone\u00a0\u00bb shape_type=\u00a0\u00bb\u00a0\u00bb][vc_column column_padding=\u00a0\u00bbno-extra-padding\u00a0\u00bb column_padding_position=\u00a0\u00bball\u00a0\u00bb background_color_opacity=\u00a0\u00bb1&Prime; background_hover_color_opacity=\u00a0\u00bb1&Prime; column_link_target=\u00a0\u00bb_self\u00a0\u00bb column_shadow=\u00a0\u00bbnone\u00a0\u00bb column_border_radius=\u00a0\u00bbnone\u00a0\u00bb width=\u00a0\u00bb2\/3&Prime; tablet_width_inherit=\u00a0\u00bbdefault\u00a0\u00bb tablet_text_alignment=\u00a0\u00bbdefault\u00a0\u00bb phone_text_alignment=\u00a0\u00bbdefault\u00a0\u00bb overlay_strength=\u00a0\u00bb0.3&Prime; column_border_width=\u00a0\u00bbnone\u00a0\u00bb column_border_style=\u00a0\u00bbsolid\u00a0\u00bb bg_image_animation=\u00a0\u00bbnone\u00a0\u00bb][vc_column_text]ABM-TECNA c&rsquo;est aussi la solution globale pour tout convoyeur en bande transporteuse hors caoutchouc.<\/p>\n<p>ABM-TECNA est connu pour fournir une large gamme de bandes transporteuses et de fournitures \u00e9lectrom\u00e9caniques de qualit\u00e9 pour les applications de la sid\u00e9rurgie, de la cimenterie, des carri\u00e8res et de l&rsquo;industries \u00ab lourdes \u00bb.<\/p>\n<p>Apporter une solution compl\u00e8te pour les applications des industries<\/p>\n<ul>\n<li>agroalimentaires,<\/li>\n<li>pharmaceutiques,<\/li>\n<li>textiles,<\/li>\n<li>papeti\u00e8res,<\/li>\n<li>chimiques,<\/li>\n<li>de boulangerie,<\/li>\n<li>de l&rsquo;imprimerie,<\/li>\n<li>du bois,<\/li>\n<li>du tabac,<\/li>\n<li>des industries l\u00e9g\u00e8res,<\/li>\n<\/ul>\n<p>C\u2019est aussi le m\u00e9tier d\u2019ABM-TECNA.[\/vc_column_text][\/vc_column][vc_column column_padding=\u00a0\u00bbno-extra-padding\u00a0\u00bb column_padding_position=\u00a0\u00bball\u00a0\u00bb background_color_opacity=\u00a0\u00bb1&Prime; background_hover_color_opacity=\u00a0\u00bb1&Prime; column_link_target=\u00a0\u00bb_self\u00a0\u00bb column_shadow=\u00a0\u00bbnone\u00a0\u00bb column_border_radius=\u00a0\u00bbnone\u00a0\u00bb width=\u00a0\u00bb1\/3&Prime; tablet_width_inherit=\u00a0\u00bbdefault\u00a0\u00bb tablet_text_alignment=\u00a0\u00bbdefault\u00a0\u00bb phone_text_alignment=\u00a0\u00bbdefault\u00a0\u00bb overlay_strength=\u00a0\u00bb0.3&Prime; column_border_width=\u00a0\u00bbnone\u00a0\u00bb column_border_style=\u00a0\u00bbsolid\u00a0\u00bb bg_image_animation=\u00a0\u00bbnone\u00a0\u00bb][image_with_animation image_url=\u00a0\u00bb2603&Prime; alignment=\u00a0\u00bbcenter\u00a0\u00bb animation=\u00a0\u00bbFade In\u00a0\u00bb img_link_large=\u00a0\u00bbyes\u00a0\u00bb hover_animation=\u00a0\u00bbzoom\u00a0\u00bb border_radius=\u00a0\u00bbnone\u00a0\u00bb box_shadow=\u00a0\u00bbnone\u00a0\u00bb image_loading=\u00a0\u00bblazy-load\u00a0\u00bb max_width=\u00a0\u00bb100%\u00a0\u00bb max_width_mobile=\u00a0\u00bbdefault\u00a0\u00bb][\/vc_column][\/vc_row][vc_row type=\u00a0\u00bbin_container\u00a0\u00bb full_screen_row_position=\u00a0\u00bbmiddle\u00a0\u00bb column_margin=\u00a0\u00bbdefault\u00a0\u00bb scene_position=\u00a0\u00bbcenter\u00a0\u00bb text_color=\u00a0\u00bbdark\u00a0\u00bb text_align=\u00a0\u00bbleft\u00a0\u00bb overlay_strength=\u00a0\u00bb0.3&Prime; shape_divider_position=\u00a0\u00bbbottom\u00a0\u00bb bg_image_animation=\u00a0\u00bbnone\u00a0\u00bb][vc_column column_padding=\u00a0\u00bbno-extra-padding\u00a0\u00bb column_padding_position=\u00a0\u00bball\u00a0\u00bb background_color_opacity=\u00a0\u00bb1&Prime; background_hover_color_opacity=\u00a0\u00bb1&Prime; column_link_target=\u00a0\u00bb_self\u00a0\u00bb column_shadow=\u00a0\u00bbnone\u00a0\u00bb column_border_radius=\u00a0\u00bbnone\u00a0\u00bb width=\u00a0\u00bb1\/1&Prime; tablet_width_inherit=\u00a0\u00bbdefault\u00a0\u00bb tablet_text_alignment=\u00a0\u00bbdefault\u00a0\u00bb phone_text_alignment=\u00a0\u00bbdefault\u00a0\u00bb overlay_strength=\u00a0\u00bb0.3&Prime; column_border_width=\u00a0\u00bbnone\u00a0\u00bb column_border_style=\u00a0\u00bbsolid\u00a0\u00bb bg_image_animation=\u00a0\u00bbnone\u00a0\u00bb][vc_column_text]\n<h2>Qui sommes-nous ?<\/h2>\n<ul>\n<li>Un fournisseur et installateur de bandes transporteuses PVC\/PU, modulaires et tapis m\u00e9talliques.<\/li>\n<li>Un fournisseur et installateur des supports du mouvement : rouleaux, tambours mais aussi certifi\u00e9 par Timken pour les paliers, par ABB pour les moteurs et par Siemens pour les motor\u00e9ducteurs Simogear.<\/li>\n<li>Une implantation et un atelier sp\u00e9cialis\u00e9 en PVC-PU au centre de la Wallonie<\/li>\n<li>Un service 24\/7<\/li>\n<li>Distributeur pour la Wallonie de Habasit.<\/li>\n<\/ul>\n<p style=\"text-align: center;\"><strong>Qualit\u00e9 de marques Premium: Service, r\u00e9activit\u00e9 et comp\u00e9tence ABM TECNA!<\/strong><\/p>\n[\/vc_column_text][\/vc_column][\/vc_row]\n","protected":false},"excerpt":{"rendered":"<p>[vc_row type=\u00a0\u00bbin_container\u00a0\u00bb full_screen_row_position=\u00a0\u00bbmiddle\u00a0\u00bb equal_height=\u00a0\u00bbyes\u00a0\u00bb content_placement=\u00a0\u00bbmiddle\u00a0\u00bb column_margin=\u00a0\u00bbdefault\u00a0\u00bb scene_position=\u00a0\u00bbcenter\u00a0\u00bb text_color=\u00a0\u00bbdark\u00a0\u00bb text_align=\u00a0\u00bbleft\u00a0\u00bb overlay_strength=\u00a0\u00bb0.3&Prime; shape_divider_position=\u00a0\u00bbbottom\u00a0\u00bb bg_image_animation=\u00a0\u00bbnone\u00a0\u00bb shape_type=\u00a0\u00bb\u00a0\u00bb][vc_column column_padding=\u00a0\u00bbno-extra-padding\u00a0\u00bb column_padding_position=\u00a0\u00bball\u00a0\u00bb background_color_opacity=\u00a0\u00bb1&Prime; background_hover_color_opacity=\u00a0\u00bb1&Prime; column_link_target=\u00a0\u00bb_self\u00a0\u00bb column_shadow=\u00a0\u00bbnone\u00a0\u00bb column_border_radius=\u00a0\u00bbnone\u00a0\u00bb width=\u00a0\u00bb2\/3&Prime; tablet_width_inherit=\u00a0\u00bbdefault\u00a0\u00bb tablet_text_alignment=\u00a0\u00bbdefault\u00a0\u00bb phone_text_alignment=\u00a0\u00bbdefault\u00a0\u00bb overlay_strength=\u00a0\u00bb0.3&Prime; column_border_width=\u00a0\u00bbnone\u00a0\u00bb column_border_style=\u00a0\u00bbsolid\u00a0\u00bb bg_image_animation=\u00a0\u00bbnone\u00a0\u00bb][vc_column_text]ABM-TECNA c&rsquo;est aussi&#8230;<\/p>\n","protected":false},"author":3,"featured_media":2603,"comment_status":"closed","ping_status":"open","sticky":false,"template":"","format":"standard","meta":{"footnotes":""},"categories":[131],"tags":[],"class_list":{"0":"post-2602","1":"post","2":"type-post","3":"status-publish","4":"format-standard","5":"has-post-thumbnail","7":"category-actualites"},"yoast_head":"<!-- This site is optimized with the Yoast SEO plugin v27.2 - https:\/\/yoast.com\/product\/yoast-seo-wordpress\/ -->\n<title>La solution globale en bandes transporteuses PVC\/PU et bien plus ! - ABM TECNA<\/title>\n<meta name=\"description\" content=\"Avec son atelier sp\u00e9cialis\u00e9 dans la pr\u00e9paration de bandes PVC-PU, ABM TECNA apporte une solution globale aux industries; agroalimentaire, pharmaceutique,...\" \/>\n<meta name=\"robots\" content=\"noindex, follow\" \/>\n<meta property=\"og:locale\" content=\"fr_FR\" \/>\n<meta property=\"og:type\" content=\"article\" \/>\n<meta property=\"og:title\" content=\"La solution globale en bandes transporteuses PVC\/PU et bien plus ! - ABM TECNA\" \/>\n<meta property=\"og:description\" content=\"Avec son atelier sp\u00e9cialis\u00e9 dans la pr\u00e9paration de bandes PVC-PU, ABM TECNA apporte une solution globale aux industries; agroalimentaire, pharmaceutique,...\" \/>\n<meta property=\"og:url\" content=\"https:\/\/www.abm-tecna.be\/fr\/la-solution-globale-en-bandes-transporteuses-pvc-pu-et-bien-plus\/\" \/>\n<meta property=\"og:site_name\" content=\"ABM TECNA\" \/>\n<meta property=\"article:published_time\" content=\"2017-06-14T14:06:18+00:00\" \/>\n<meta property=\"article:modified_time\" content=\"2020-12-11T13:44:45+00:00\" \/>\n<meta property=\"og:image\" content=\"https:\/\/www.abm-tecna.be\/wp-content\/uploads\/2020\/01\/pvc-pu-600x4001-1.jpg\" \/>\n\t<meta property=\"og:image:width\" content=\"600\" \/>\n\t<meta property=\"og:image:height\" content=\"400\" \/>\n\t<meta property=\"og:image:type\" content=\"image\/jpeg\" \/>\n<meta name=\"author\" content=\"Didier Charton\" \/>\n<meta name=\"twitter:card\" content=\"summary_large_image\" \/>\n<meta name=\"twitter:creator\" content=\"@ABM_TECNA\" \/>\n<meta name=\"twitter:site\" content=\"@ABM_TECNA\" \/>\n<meta name=\"twitter:label1\" content=\"\u00c9crit par\" \/>\n\t<meta name=\"twitter:data1\" content=\"Didier Charton\" \/>\n\t<meta name=\"twitter:label2\" content=\"Dur\u00e9e de lecture estim\u00e9e\" \/>\n\t<meta name=\"twitter:data2\" content=\"2 minutes\" \/>\n<script type=\"application\/ld+json\" class=\"yoast-schema-graph\">{\"@context\":\"https:\/\/schema.org\",\"@graph\":[{\"@type\":\"Article\",\"@id\":\"https:\/\/www.abm-tecna.be\/fr\/la-solution-globale-en-bandes-transporteuses-pvc-pu-et-bien-plus\/#article\",\"isPartOf\":{\"@id\":\"https:\/\/www.abm-tecna.be\/fr\/la-solution-globale-en-bandes-transporteuses-pvc-pu-et-bien-plus\/\"},\"author\":{\"name\":\"Didier Charton\",\"@id\":\"https:\/\/www.abm-tecna.be\/fr\/#\/schema\/person\/a32eb6a4e0a9921500b7478f7471def8\"},\"headline\":\"La solution globale en bandes transporteuses PVC\/PU et bien plus !\",\"datePublished\":\"2017-06-14T14:06:18+00:00\",\"dateModified\":\"2020-12-11T13:44:45+00:00\",\"mainEntityOfPage\":{\"@id\":\"https:\/\/www.abm-tecna.be\/fr\/la-solution-globale-en-bandes-transporteuses-pvc-pu-et-bien-plus\/\"},\"wordCount\":466,\"publisher\":{\"@id\":\"https:\/\/www.abm-tecna.be\/fr\/#organization\"},\"image\":{\"@id\":\"https:\/\/www.abm-tecna.be\/fr\/la-solution-globale-en-bandes-transporteuses-pvc-pu-et-bien-plus\/#primaryimage\"},\"thumbnailUrl\":\"https:\/\/www.abm-tecna.be\/wp-content\/uploads\/2020\/01\/pvc-pu-600x4001-1.jpg\",\"articleSection\":[\"Actualit\u00e9s\"],\"inLanguage\":\"fr-FR\"},{\"@type\":\"WebPage\",\"@id\":\"https:\/\/www.abm-tecna.be\/fr\/la-solution-globale-en-bandes-transporteuses-pvc-pu-et-bien-plus\/\",\"url\":\"https:\/\/www.abm-tecna.be\/fr\/la-solution-globale-en-bandes-transporteuses-pvc-pu-et-bien-plus\/\",\"name\":\"La solution globale en bandes transporteuses PVC\/PU et bien plus ! - ABM TECNA\",\"isPartOf\":{\"@id\":\"https:\/\/www.abm-tecna.be\/fr\/#website\"},\"primaryImageOfPage\":{\"@id\":\"https:\/\/www.abm-tecna.be\/fr\/la-solution-globale-en-bandes-transporteuses-pvc-pu-et-bien-plus\/#primaryimage\"},\"image\":{\"@id\":\"https:\/\/www.abm-tecna.be\/fr\/la-solution-globale-en-bandes-transporteuses-pvc-pu-et-bien-plus\/#primaryimage\"},\"thumbnailUrl\":\"https:\/\/www.abm-tecna.be\/wp-content\/uploads\/2020\/01\/pvc-pu-600x4001-1.jpg\",\"datePublished\":\"2017-06-14T14:06:18+00:00\",\"dateModified\":\"2020-12-11T13:44:45+00:00\",\"description\":\"Avec son atelier sp\u00e9cialis\u00e9 dans la pr\u00e9paration de bandes PVC-PU, ABM TECNA apporte une solution globale aux industries; agroalimentaire, pharmaceutique,...\",\"breadcrumb\":{\"@id\":\"https:\/\/www.abm-tecna.be\/fr\/la-solution-globale-en-bandes-transporteuses-pvc-pu-et-bien-plus\/#breadcrumb\"},\"inLanguage\":\"fr-FR\",\"potentialAction\":[{\"@type\":\"ReadAction\",\"target\":[\"https:\/\/www.abm-tecna.be\/fr\/la-solution-globale-en-bandes-transporteuses-pvc-pu-et-bien-plus\/\"]}]},{\"@type\":\"ImageObject\",\"inLanguage\":\"fr-FR\",\"@id\":\"https:\/\/www.abm-tecna.be\/fr\/la-solution-globale-en-bandes-transporteuses-pvc-pu-et-bien-plus\/#primaryimage\",\"url\":\"https:\/\/www.abm-tecna.be\/wp-content\/uploads\/2020\/01\/pvc-pu-600x4001-1.jpg\",\"contentUrl\":\"https:\/\/www.abm-tecna.be\/wp-content\/uploads\/2020\/01\/pvc-pu-600x4001-1.jpg\",\"width\":600,\"height\":400,\"caption\":\"Bandes PVC PU\"},{\"@type\":\"BreadcrumbList\",\"@id\":\"https:\/\/www.abm-tecna.be\/fr\/la-solution-globale-en-bandes-transporteuses-pvc-pu-et-bien-plus\/#breadcrumb\",\"itemListElement\":[{\"@type\":\"ListItem\",\"position\":1,\"name\":\"Home\",\"item\":\"https:\/\/www.abm-tecna.be\/fr\/\"},{\"@type\":\"ListItem\",\"position\":2,\"name\":\"La solution globale en bandes transporteuses PVC\/PU et bien plus !\"}]},{\"@type\":\"WebSite\",\"@id\":\"https:\/\/www.abm-tecna.be\/fr\/#website\",\"url\":\"https:\/\/www.abm-tecna.be\/fr\/\",\"name\":\"ABM TECNA\",\"description\":\"La solution Globale\",\"publisher\":{\"@id\":\"https:\/\/www.abm-tecna.be\/fr\/#organization\"},\"potentialAction\":[{\"@type\":\"SearchAction\",\"target\":{\"@type\":\"EntryPoint\",\"urlTemplate\":\"https:\/\/www.abm-tecna.be\/fr\/?s={search_term_string}\"},\"query-input\":{\"@type\":\"PropertyValueSpecification\",\"valueRequired\":true,\"valueName\":\"search_term_string\"}}],\"inLanguage\":\"fr-FR\"},{\"@type\":\"Organization\",\"@id\":\"https:\/\/www.abm-tecna.be\/fr\/#organization\",\"name\":\"ABM TECNA\",\"url\":\"https:\/\/www.abm-tecna.be\/fr\/\",\"logo\":{\"@type\":\"ImageObject\",\"inLanguage\":\"fr-FR\",\"@id\":\"https:\/\/www.abm-tecna.be\/fr\/#\/schema\/logo\/image\/\",\"url\":\"https:\/\/www.abm-tecna.be\/wp-content\/uploads\/2020\/01\/ABMTECNA_favicon.png\",\"contentUrl\":\"https:\/\/www.abm-tecna.be\/wp-content\/uploads\/2020\/01\/ABMTECNA_favicon.png\",\"width\":512,\"height\":512,\"caption\":\"ABM TECNA\"},\"image\":{\"@id\":\"https:\/\/www.abm-tecna.be\/fr\/#\/schema\/logo\/image\/\"},\"sameAs\":[\"https:\/\/x.com\/ABM_TECNA\",\"https:\/\/www.linkedin.com\/company\/abm\/\",\"https:\/\/www.youtube.com\/channel\/UCRJ02jgCyEoiSCooXgzd7Zg\"]},{\"@type\":\"Person\",\"@id\":\"https:\/\/www.abm-tecna.be\/fr\/#\/schema\/person\/a32eb6a4e0a9921500b7478f7471def8\",\"name\":\"Didier Charton\",\"url\":\"https:\/\/www.abm-tecna.be\/fr\/author\/press\/\"}]}<\/script>\n<!-- \/ Yoast SEO plugin. -->","yoast_head_json":{"title":"La solution globale en bandes transporteuses PVC\/PU et bien plus ! - ABM TECNA","description":"Avec son atelier sp\u00e9cialis\u00e9 dans la pr\u00e9paration de bandes PVC-PU, ABM TECNA apporte une solution globale aux industries; agroalimentaire, pharmaceutique,...","robots":{"index":"noindex","follow":"follow"},"og_locale":"fr_FR","og_type":"article","og_title":"La solution globale en bandes transporteuses PVC\/PU et bien plus ! - ABM TECNA","og_description":"Avec son atelier sp\u00e9cialis\u00e9 dans la pr\u00e9paration de bandes PVC-PU, ABM TECNA apporte une solution globale aux industries; agroalimentaire, pharmaceutique,...","og_url":"https:\/\/www.abm-tecna.be\/fr\/la-solution-globale-en-bandes-transporteuses-pvc-pu-et-bien-plus\/","og_site_name":"ABM TECNA","article_published_time":"2017-06-14T14:06:18+00:00","article_modified_time":"2020-12-11T13:44:45+00:00","og_image":[{"width":600,"height":400,"url":"https:\/\/www.abm-tecna.be\/wp-content\/uploads\/2020\/01\/pvc-pu-600x4001-1.jpg","type":"image\/jpeg"}],"author":"Didier Charton","twitter_card":"summary_large_image","twitter_creator":"@ABM_TECNA","twitter_site":"@ABM_TECNA","twitter_misc":{"\u00c9crit par":"Didier Charton","Dur\u00e9e de lecture estim\u00e9e":"2 minutes"},"schema":{"@context":"https:\/\/schema.org","@graph":[{"@type":"Article","@id":"https:\/\/www.abm-tecna.be\/fr\/la-solution-globale-en-bandes-transporteuses-pvc-pu-et-bien-plus\/#article","isPartOf":{"@id":"https:\/\/www.abm-tecna.be\/fr\/la-solution-globale-en-bandes-transporteuses-pvc-pu-et-bien-plus\/"},"author":{"name":"Didier Charton","@id":"https:\/\/www.abm-tecna.be\/fr\/#\/schema\/person\/a32eb6a4e0a9921500b7478f7471def8"},"headline":"La solution globale en bandes transporteuses PVC\/PU et bien plus !","datePublished":"2017-06-14T14:06:18+00:00","dateModified":"2020-12-11T13:44:45+00:00","mainEntityOfPage":{"@id":"https:\/\/www.abm-tecna.be\/fr\/la-solution-globale-en-bandes-transporteuses-pvc-pu-et-bien-plus\/"},"wordCount":466,"publisher":{"@id":"https:\/\/www.abm-tecna.be\/fr\/#organization"},"image":{"@id":"https:\/\/www.abm-tecna.be\/fr\/la-solution-globale-en-bandes-transporteuses-pvc-pu-et-bien-plus\/#primaryimage"},"thumbnailUrl":"https:\/\/www.abm-tecna.be\/wp-content\/uploads\/2020\/01\/pvc-pu-600x4001-1.jpg","articleSection":["Actualit\u00e9s"],"inLanguage":"fr-FR"},{"@type":"WebPage","@id":"https:\/\/www.abm-tecna.be\/fr\/la-solution-globale-en-bandes-transporteuses-pvc-pu-et-bien-plus\/","url":"https:\/\/www.abm-tecna.be\/fr\/la-solution-globale-en-bandes-transporteuses-pvc-pu-et-bien-plus\/","name":"La solution globale en bandes transporteuses PVC\/PU et bien plus ! - ABM TECNA","isPartOf":{"@id":"https:\/\/www.abm-tecna.be\/fr\/#website"},"primaryImageOfPage":{"@id":"https:\/\/www.abm-tecna.be\/fr\/la-solution-globale-en-bandes-transporteuses-pvc-pu-et-bien-plus\/#primaryimage"},"image":{"@id":"https:\/\/www.abm-tecna.be\/fr\/la-solution-globale-en-bandes-transporteuses-pvc-pu-et-bien-plus\/#primaryimage"},"thumbnailUrl":"https:\/\/www.abm-tecna.be\/wp-content\/uploads\/2020\/01\/pvc-pu-600x4001-1.jpg","datePublished":"2017-06-14T14:06:18+00:00","dateModified":"2020-12-11T13:44:45+00:00","description":"Avec son atelier sp\u00e9cialis\u00e9 dans la pr\u00e9paration de bandes PVC-PU, ABM TECNA apporte une solution globale aux industries; agroalimentaire, pharmaceutique,...","breadcrumb":{"@id":"https:\/\/www.abm-tecna.be\/fr\/la-solution-globale-en-bandes-transporteuses-pvc-pu-et-bien-plus\/#breadcrumb"},"inLanguage":"fr-FR","potentialAction":[{"@type":"ReadAction","target":["https:\/\/www.abm-tecna.be\/fr\/la-solution-globale-en-bandes-transporteuses-pvc-pu-et-bien-plus\/"]}]},{"@type":"ImageObject","inLanguage":"fr-FR","@id":"https:\/\/www.abm-tecna.be\/fr\/la-solution-globale-en-bandes-transporteuses-pvc-pu-et-bien-plus\/#primaryimage","url":"https:\/\/www.abm-tecna.be\/wp-content\/uploads\/2020\/01\/pvc-pu-600x4001-1.jpg","contentUrl":"https:\/\/www.abm-tecna.be\/wp-content\/uploads\/2020\/01\/pvc-pu-600x4001-1.jpg","width":600,"height":400,"caption":"Bandes PVC PU"},{"@type":"BreadcrumbList","@id":"https:\/\/www.abm-tecna.be\/fr\/la-solution-globale-en-bandes-transporteuses-pvc-pu-et-bien-plus\/#breadcrumb","itemListElement":[{"@type":"ListItem","position":1,"name":"Home","item":"https:\/\/www.abm-tecna.be\/fr\/"},{"@type":"ListItem","position":2,"name":"La solution globale en bandes transporteuses PVC\/PU et bien plus !"}]},{"@type":"WebSite","@id":"https:\/\/www.abm-tecna.be\/fr\/#website","url":"https:\/\/www.abm-tecna.be\/fr\/","name":"ABM TECNA","description":"La solution Globale","publisher":{"@id":"https:\/\/www.abm-tecna.be\/fr\/#organization"},"potentialAction":[{"@type":"SearchAction","target":{"@type":"EntryPoint","urlTemplate":"https:\/\/www.abm-tecna.be\/fr\/?s={search_term_string}"},"query-input":{"@type":"PropertyValueSpecification","valueRequired":true,"valueName":"search_term_string"}}],"inLanguage":"fr-FR"},{"@type":"Organization","@id":"https:\/\/www.abm-tecna.be\/fr\/#organization","name":"ABM TECNA","url":"https:\/\/www.abm-tecna.be\/fr\/","logo":{"@type":"ImageObject","inLanguage":"fr-FR","@id":"https:\/\/www.abm-tecna.be\/fr\/#\/schema\/logo\/image\/","url":"https:\/\/www.abm-tecna.be\/wp-content\/uploads\/2020\/01\/ABMTECNA_favicon.png","contentUrl":"https:\/\/www.abm-tecna.be\/wp-content\/uploads\/2020\/01\/ABMTECNA_favicon.png","width":512,"height":512,"caption":"ABM TECNA"},"image":{"@id":"https:\/\/www.abm-tecna.be\/fr\/#\/schema\/logo\/image\/"},"sameAs":["https:\/\/x.com\/ABM_TECNA","https:\/\/www.linkedin.com\/company\/abm\/","https:\/\/www.youtube.com\/channel\/UCRJ02jgCyEoiSCooXgzd7Zg"]},{"@type":"Person","@id":"https:\/\/www.abm-tecna.be\/fr\/#\/schema\/person\/a32eb6a4e0a9921500b7478f7471def8","name":"Didier Charton","url":"https:\/\/www.abm-tecna.be\/fr\/author\/press\/"}]}},"_links":{"self":[{"href":"https:\/\/www.abm-tecna.be\/fr\/wp-json\/wp\/v2\/posts\/2602","targetHints":{"allow":["GET"]}}],"collection":[{"href":"https:\/\/www.abm-tecna.be\/fr\/wp-json\/wp\/v2\/posts"}],"about":[{"href":"https:\/\/www.abm-tecna.be\/fr\/wp-json\/wp\/v2\/types\/post"}],"author":[{"embeddable":true,"href":"https:\/\/www.abm-tecna.be\/fr\/wp-json\/wp\/v2\/users\/3"}],"replies":[{"embeddable":true,"href":"https:\/\/www.abm-tecna.be\/fr\/wp-json\/wp\/v2\/comments?post=2602"}],"version-history":[{"count":3,"href":"https:\/\/www.abm-tecna.be\/fr\/wp-json\/wp\/v2\/posts\/2602\/revisions"}],"predecessor-version":[{"id":6890,"href":"https:\/\/www.abm-tecna.be\/fr\/wp-json\/wp\/v2\/posts\/2602\/revisions\/6890"}],"wp:featuredmedia":[{"embeddable":true,"href":"https:\/\/www.abm-tecna.be\/fr\/wp-json\/wp\/v2\/media\/2603"}],"wp:attachment":[{"href":"https:\/\/www.abm-tecna.be\/fr\/wp-json\/wp\/v2\/media?parent=2602"}],"wp:term":[{"taxonomy":"category","embeddable":true,"href":"https:\/\/www.abm-tecna.be\/fr\/wp-json\/wp\/v2\/categories?post=2602"},{"taxonomy":"post_tag","embeddable":true,"href":"https:\/\/www.abm-tecna.be\/fr\/wp-json\/wp\/v2\/tags?post=2602"}],"curies":[{"name":"wp","href":"https:\/\/api.w.org\/{rel}","templated":true}]}}